{"id":2045,"date":"2016-07-21T14:24:59","date_gmt":"2016-07-21T14:24:59","guid":{"rendered":"http:\/\/michael-kunze.net\/category\/artikel\/?p=2045"},"modified":"2020-05-22T11:45:46","modified_gmt":"2020-05-22T11:45:46","slug":"wie-verhalte-ich-mich-bei-einem-angriff-richtig","status":"publish","type":"post","link":"https:\/\/michael-kunze.net\/category\/artikel\/2016\/07\/21\/wie-verhalte-ich-mich-bei-einem-angriff-richtig\/","title":{"rendered":"\u201eDer erste Reflex muss sein: sich in Sicherheit zu bringen\u201c"},"content":{"rendered":"<p>Nach dem Angriff eines Asyl\u00adbe\u00adwer\u00adbers auf Rei\u00adsen\u00adde in einem Zug bei W\u00fcrz\u00adburg hat Micha\u00adel Kun\u00adze mit dem Gewalt-Dees\u00adka\u00adla\u00adti\u00adons\u00adtrai\u00adner und Poli\u00adzei\u00adaus\u00adbil\u00adder Heinz Kraft gespro\u00adchen. Dabei ging es um die Fra\u00adge, wie man sich in einer ver\u00adgleich\u00adba\u00adren Bedro\u00adhungs\u00adla\u00adge ver\u00adhal\u00adten soll und ob Deutsch\u00adland noch sicher<!--more--> ist.<\/p>\n<p><em>Micha\u00adel Kun\u00adze: H\u00e4t\u00adten sich die Insas\u00adsen des Zuges auf den Angriff am Mon\u00adtag vor\u00adbe\u00adrei\u00adten k\u00f6n\u00adnen \u2013 was h\u00e4t\u00adten Sie ihnen gera\u00adten?<b> <\/b><\/em><\/p>\n<p>Heinz Kraft: Ent\u00adschei\u00addend ist, wo genau ein Angriff statt\u00adfin\u00addet. Dar\u00adaus lei\u00adten sich die M\u00f6g\u00adlich\u00adkei\u00adten ab, die man hat. Soll\u00adte es sich in einem Zug um Sitz\u00adgrup\u00adpen han\u00addeln, zwi\u00adschen denen man atta\u00adckiert wird, hat der Angrei\u00adfer viel\u00adleicht jemand im R\u00fccken. So k\u00f6nn\u00adte man ihn in die Zan\u00adge neh\u00admen. Zwei\u00ader\u00adsit\u00adze sind ung\u00fcns\u00adti\u00adger, sie schr\u00e4n\u00adken die eige\u00adne Beweg\u00adlich\u00adkeit&nbsp;ein.<\/p>\n<p><em>Sie emp\u00adfeh\u00adlen also, sich gegen einen Angrei\u00adfer zu wehren?&nbsp;<\/em><\/p>\n<p>Das kommt dar\u00adauf an. Der ers\u00adte Reflex muss sein: sich in Sicher\u00adheit zu brin\u00adgen, zu fl\u00fcch\u00adten. Nur wenn das nicht oder nicht mehr m\u00f6g\u00adlich ist und man sich nicht ver\u00adste\u00adcken kann, soll\u00adte man sich zur Wehr setzen.<\/p>\n<p><em>Was kann tun, wer nicht direkt betrof\u00adfen ist, aber Zeu\u00adge eines Angriffs wird?<b> <\/b><\/em><\/p>\n<p>Nicht selbst ein\u00adgrei\u00adfen, denn die eige\u00adne Sicher\u00adheit hat Prio\u00adri\u00adt\u00e4t. Wer jemand ret\u00adten will, wird wom\u00f6g\u00adlich selbst Opfer. Man soll\u00adte aber ande\u00adre Men\u00adschen war\u00adnen, die die Lage viel\u00adleicht noch nicht rich\u00adtig erfasst haben. Dann weg\u00adren\u00adnen, so schnell und so weit es geht, um schlie\u00df\u00adlich die Poli\u00adzei zu ver\u00adst\u00e4n\u00addi\u00adgen. Wich\u00adtig dabei: den genau\u00aden Ort nen\u00adnen, wo der Angriff stattfindet.<\/p>\n<p><em>F\u00fcr den Fall, dass man nicht weg\u00adren\u00adnen kann \u2013 was in einem Zug oder Bus schwie\u00adrig ist \u2013 und man selbst Ziel eines Angriffs ist: Wie soll man sich ver\u00adhal\u00adten?<b> <\/b><\/em><\/p>\n<p>Bei Ter\u00adro\u00adris\u00adten oder Amok\u00adl\u00e4u\u00adfern haben Gespr\u00e4\u00adche, die den Angrei\u00adfer von sei\u00adner Tat abbrin\u00adgen sol\u00adlen, kei\u00adnen Sinn. Eine M\u00f6g\u00adlich\u00adkeit w\u00e4re das Mit\u00adtel der para\u00addo\u00adxen Intervention.<\/p>\n<p><em>Wor\u00adum geht es dabei?<b> <\/b><\/em><\/p>\n<p>Man ver\u00adsucht, den T\u00e4ter zu irri\u00adtie\u00adren, ihn aus sei\u00adnem Kon\u00adzept zu brin\u00adgen. Hal\u00adten Sie ihm eine Akten\u00adta\u00adsche hin; damit rech\u00adnet er nicht. Oder man kann so tun, als befin\u00adde sich jemand hin\u00adter sei\u00adnem R\u00fccken. Wich\u00adtig ist, das mit weni\u00adgen Wor\u00adten und kla\u00adrer K\u00f6r\u00adper\u00adspra\u00adche zu ver\u00adsu\u00adchen, denn nicht jeder Angrei\u00adfer ver\u00adsteht Deutsch. Oft geht es nur um Sekun\u00adden, dann fliegt der eige\u00adne Schwin\u00addel auf. Die k\u00f6n\u00adnen aber aus\u00adrei\u00adchen, um zu fl\u00fcch\u00adten oder vor\u00adher den Angrei\u00adfer zu \u00fcberrumpeln.<\/p>\n<p><em>Wenn der sich umdreht, um nach\u00adzu\u00adse\u00adhen: Was&nbsp;dann?<\/em><\/p>\n<p>Dann ist jedes Mit\u00adtel recht. Ihn schub\u00adsen, zu Boden sto\u00ad\u00dfen, ihm mit einem Hilfs\u00admit\u00adtel auf den Kopf schla\u00adgen. Es han\u00addelt nicht erst in Not\u00adwehr, wer ver\u00adwun\u00addet ist. Die Kon\u00adse\u00adquen\u00adzen tr\u00e4gt der Angrei\u00adfer, er kann ja von sei\u00adner Tat ablassen.<\/p>\n<p><em>Was ist gef\u00e4hr\u00adli\u00adcher: Angrif\u00adfe mit Mes\u00adser, Axt oder Pistole?<\/em><\/p>\n<p>Der Mes\u00adser- oder Axt\u00adan\u00adgriff ist oft gef\u00e4hr\u00adli\u00adcher. Das wird unter\u00adsch\u00e4tzt. Denn der T\u00e4ter steht einem r\u00e4um\u00adlich n\u00e4her; das ver\u00adrin\u00adgert die Hand\u00adlungs\u00adm\u00f6g\u00adlich\u00adkei\u00adten f\u00fcr den, der atta\u00adckiert wird.<\/p>\n<p><em>Bei einem Mes\u00adser\u00adan\u00adgriff im Zug ist also guter Rat&nbsp;teuer?<\/em><\/p>\n<p>Wie bei jedem Angriff, denn der Atta\u00adckier\u00adte ist immer erst ein\u00admal \u00fcber\u00adrascht. Aus die\u00adser Schock\u00adstar\u00adre muss man so schnell wie m\u00f6g\u00adlich her\u00adaus. Im Zug kann man sich viel\u00adleicht, wenn Zeit bleibt, vor dem T\u00e4ter ver\u00adbar\u00adri\u00adka\u00addie\u00adren \u2013 mit Gep\u00e4ck zum Beispiel.<\/p>\n<p><em>Ein ande\u00adres Bei\u00adspiel: Eine Schul\u00adklas\u00adse hat das schon in ihrem Zim\u00admer getan. Die T\u00fcr ist ver\u00adram\u00admelt. Dann merkt sie: Ein Sch\u00fc\u00adler steht noch drau\u00ad\u00dfen, der kurz auf der Toi\u00adlet\u00adte war. Was&nbsp;tun?<\/em><\/p>\n<p>Das ist eine Fra\u00adge von hohem ethi\u00adschen Anspruch. In allen Schu\u00adlun\u00adgen zum The\u00adma lau\u00adtet das Cre\u00addo: Die Sicher\u00adheit von vie\u00adlen ist in so einem Fall wich\u00adti\u00adger als die des ein\u00adzel\u00adnen. Nie\u00admals bereits erreich\u00adte Sicher\u00adheits\u00adstan\u00addards noch\u00admals sen\u00adken und damit das Wohl einer Grup\u00adpe aber\u00admals gef\u00e4hr\u00adden! Das sehen Juris\u00adten wom\u00f6g\u00adlich anders.<\/p>\n<p><em>Bedeu\u00adten nun Angrif\u00adfe wie der bei W\u00fcrz\u00adburg, dass sich jeder Gedan\u00adken machen muss, wo jeweils geeig\u00adne\u00adte Flucht\u00adwe\u00adge sind \u2013 im Zug, im Gast\u00adhaus, \u00fcberall?<\/em><\/p>\n<p>Wer sich recht\u00adzei\u00adtig \u00fcber\u00adlegt, was er in einer kon\u00adkre\u00adten Situa\u00adti\u00adon tun kann, ver\u00adk\u00fcrzt sei\u00adne Reak\u00adti\u00adons\u00adzeit. Dar\u00adum geht es auch dann, wenn die Wahr\u00adschein\u00adlich\u00adkeit sehr gering ist, selbst betrof\u00adfen zu&nbsp;sein.<\/p>\n<p><em>Ist Deutsch\u00adland nicht mehr sicher?<\/em><\/p>\n<p>Nie\u00admand soll\u00adte in Alar\u00admis\u00admus ver\u00adfal\u00adlen. Deutsch\u00adland ist ein siche\u00adres Land, nach wie vor. Kri\u00admi\u00adna\u00adli\u00adt\u00e4t gab es immer. Doch die Gewalt\u00adbe\u00adreit\u00adschaft ist gr\u00f6\u00ad\u00dfer gewor\u00adden, und poli\u00adti\u00adsche S\u00fcpp\u00adchen wer\u00adden mit\u00adun\u00adter auf der Flam\u00adme der Angst gekocht.<\/p>\n<p>&nbsp;<\/p>\n<p><strong>Zur Per\u00adson: Heinz&nbsp;Kraft<\/strong><\/p>\n<p>Der stu\u00addier\u00adte Diplom-Ver\u00adwal\u00adtungs\u00adwirt ist aus\u00adge\u00adbil\u00adde\u00adter Trai\u00adner f\u00fcr die Fort\u00adbil\u00addung der nord\u00adrhein-west\u00adf\u00e4\u00adli\u00adschen Poli\u00adzei und von F\u00fch\u00adrungs\u00adkr\u00e4f\u00adten. Der 67-J\u00e4h\u00adri\u00adge aus Enne\u00adpe\u00adtal (Nord\u00adrhein-West\u00adfa\u00adlen) unter\u00adrich\u00adtet zudem bei\u00adspiels\u00adwei\u00adse Mit\u00adar\u00adbei\u00adter von Job\u00adcen\u00adtern im Umgang mit gewalt\u00adbe\u00adrei\u00adten Kun\u00adden oder Sicher\u00adheits- und Wach\u00adper\u00adso\u00adnal, Pfor\u00adten- und Empfangsdienste.<\/p>\n<span id=\"post-ratings-2045\" class=\"post-ratings\" data-nonce=\"967e9afdf3\"><span class=\"hreview-aggregate\">\n  <span class=\"item\">\n    <span class=\"fn\">\u201eDer ers\u00adte Reflex muss sein: sich in Sicher\u00adheit zu brin\u00adgen\u201c<\/span>: <img decoding=\"async\" id=\"rating_2045_1\" src=\"https:\/\/michael-kunze.net\/wp-content\/plugins\/wp-postratings\/images\/stars\/rating_on.gif\" alt=\"1 Star\" title=\"1 Star\" onmouseover=\"current_rating(2045, 1, '1 Star');\" onmouseout=\"ratings_off(4.5, 5, 0);\" onclick=\"rate_post();\" onkeypress=\"rate_post();\" style=\"cursor: pointer; border: 0px;\"><img decoding=\"async\" id=\"rating_2045_2\" src=\"https:\/\/michael-kunze.net\/wp-content\/plugins\/wp-postratings\/images\/stars\/rating_on.gif\" alt=\"2 Stars\" title=\"2 Stars\" onmouseover=\"current_rating(2045, 2, '2 Stars');\" onmouseout=\"ratings_off(4.5, 5, 0);\" onclick=\"rate_post();\" onkeypress=\"rate_post();\" style=\"cursor: pointer; border: 0px;\"><img decoding=\"async\" id=\"rating_2045_3\" src=\"https:\/\/michael-kunze.net\/wp-content\/plugins\/wp-postratings\/images\/stars\/rating_on.gif\" alt=\"3 Stars\" title=\"3 Stars\" onmouseover=\"current_rating(2045, 3, '3 Stars');\" onmouseout=\"ratings_off(4.5, 5, 0);\" onclick=\"rate_post();\" onkeypress=\"rate_post();\" style=\"cursor: pointer; border: 0px;\"><img decoding=\"async\" id=\"rating_2045_4\" src=\"https:\/\/michael-kunze.net\/wp-content\/plugins\/wp-postratings\/images\/stars\/rating_on.gif\" alt=\"4 Stars\" title=\"4 Stars\" onmouseover=\"current_rating(2045, 4, '4 Stars');\" onmouseout=\"ratings_off(4.5, 5, 0);\" onclick=\"rate_post();\" onkeypress=\"rate_post();\" style=\"cursor: pointer; border: 0px;\"><img decoding=\"async\" id=\"rating_2045_5\" src=\"https:\/\/michael-kunze.net\/wp-content\/plugins\/wp-postratings\/images\/stars\/rating_half.gif\" alt=\"5 Stars\" title=\"5 Stars\" onmouseover=\"current_rating(2045, 5, '5 Stars');\" onmouseout=\"ratings_off(4.5, 5, 0);\" onclick=\"rate_post();\" onkeypress=\"rate_post();\" style=\"cursor: pointer; border: 0px;\"><br>\n  <\/span>\n  <span class=\"rating\">\n    <span class=\"average\"><b>4,50<\/b><\/span>\n    von\n    <span class=\"best\">5<\/span>\n    Punk\u00adten, basie\u00adrend auf\n    <span class=\"votes\">2<\/span>\n    abge\u00adge\u00adbe\u00adnen Stimmen.&nbsp;<\/span>\n<\/span><\/span><span id=\"post-ratings-2045-loading\" class=\"post-ratings-loading\"><img loading=\"lazy\" decoding=\"async\" src=\"https:\/\/michael-kunze.net\/wp-content\/plugins\/wp-postratings\/images\/loading.gif\" width=\"16\" height=\"16\" class=\"post-ratings-image\">Loa\u00adding\u2026<\/span>\n\n<div class=\"jwsharethis\">\nShare&nbsp;this:&nbsp;<br>\n<a href=\"mailto:?subject=%E2%80%9EDer%20erste%20Reflex%20muss%20sein%3A%20sich%20in%20Sicherheit%20zu%20bringen%E2%80%9C&amp;body=https%3A%2F%2Fmichael-kunze.net%2Fcategory%2Fartikel%2F2016%2F07%2F21%2Fwie-verhalte-ich-mich-bei-einem-angriff-richtig%2F\">\n<img decoding=\"async\" src=\"https:\/\/michael-kunze.net\/wp-content\/plugins\/jw-share-this\/email.png\" alt=\"Share this page via Email\">\n<\/a>\n<a target=\"_blank\" href=\"http:\/\/www.facebook.com\/sharer.php?u=https%3A%2F%2Fmichael-kunze.net%2Fcategory%2Fartikel%2F2016%2F07%2F21%2Fwie-verhalte-ich-mich-bei-einem-angriff-richtig%2F&amp;t=%E2%80%9EDer+erste+Reflex+muss+sein%3A+sich+in+Sicherheit+zu+bringen%E2%80%9C\">\n<img decoding=\"async\" src=\"https:\/\/michael-kunze.net\/wp-content\/plugins\/jw-share-this\/fb.png\" alt=\"Share this page via Facebook\">\n<\/a>\n<a target=\"_blank\" href=\"http:\/\/twitter.com\/intent\/tweet?text=I+like+https%3A%2F%2Fmichael-kunze.net%2Fcategory%2Fartikel%2F2016%2F07%2F21%2Fwie-verhalte-ich-mich-bei-einem-angriff-richtig%2F&amp;title=%E2%80%9EDer+erste+Reflex+muss+sein%3A+sich+in+Sicherheit+zu+bringen%E2%80%9C\">\n<img decoding=\"async\" src=\"https:\/\/michael-kunze.net\/wp-content\/plugins\/jw-share-this\/twitter.png\" alt=\"Share this page via Twitter\">\n<\/a>\n<\/div>\n","protected":false},"excerpt":{"rendered":"<p>Nach dem Angriff eines Asyl\u00adbe\u00adwer\u00adbers auf Rei\u00adsen\u00adde in einem Zug bei W\u00fcrz\u00adburg hat Micha\u00adel Kun\u00adze mit dem Gewalt-Dees\u00ad\u00adka\u00adla\u00ad\u00adti\u00adons\u00ad\u00adtrai\u00ad\u00adner und Poli\u00adzei\u00adaus\u00adbil\u00adder Heinz Kraft gespro\u00adchen. Dabei ging es um die Fra\u00adge, wie man sich in einer ver\u00adgleich\u00adba\u00adren Bedro\u00adhungs\u00adla\u00adge ver\u00adhal\u00adten soll und ob Deutsch\u00adland noch sicher Share&nbsp;this:&nbsp;<\/p>\n","protected":false},"author":1,"featured_media":0,"comment_status":"open","ping_status":"open","sticky":false,"template":"","format":"standard","meta":{"wp_typography_post_enhancements_disabled":false,"footnotes":""},"categories":[19,12,1],"tags":[464,462,463,133,72,309,466,314,460,461],"class_list":["post-2045","post","type-post","status-publish","format-standard","hentry","category-artikel","category-interview","category-politik","tag-amoklauf","tag-anschlag","tag-attentat","tag-bundesrepublik","tag-extremismus","tag-fluchtlingskrise","tag-heinz-kraft","tag-migrationskrise","tag-sicherheit","tag-terrorismus"],"_links":{"self":[{"href":"https:\/\/michael-kunze.net\/category\/artikel\/wp-json\/wp\/v2\/posts\/2045","targetHints":{"allow":["GET"]}}],"collection":[{"href":"https:\/\/michael-kunze.net\/category\/artikel\/wp-json\/wp\/v2\/posts"}],"about":[{"href":"https:\/\/michael-kunze.net\/category\/artikel\/wp-json\/wp\/v2\/types\/post"}],"author":[{"embeddable":true,"href":"https:\/\/michael-kunze.net\/category\/artikel\/wp-json\/wp\/v2\/users\/1"}],"replies":[{"embeddable":true,"href":"https:\/\/michael-kunze.net\/category\/artikel\/wp-json\/wp\/v2\/comments?post=2045"}],"version-history":[{"count":9,"href":"https:\/\/michael-kunze.net\/category\/artikel\/wp-json\/wp\/v2\/posts\/2045\/revisions"}],"predecessor-version":[{"id":2049,"href":"https:\/\/michael-kunze.net\/category\/artikel\/wp-json\/wp\/v2\/posts\/2045\/revisions\/2049"}],"wp:attachment":[{"href":"https:\/\/michael-kunze.net\/category\/artikel\/wp-json\/wp\/v2\/media?parent=2045"}],"wp:term":[{"taxonomy":"category","embeddable":true,"href":"https:\/\/michael-kunze.net\/category\/artikel\/wp-json\/wp\/v2\/categories?post=2045"},{"taxonomy":"post_tag","embeddable":true,"href":"https:\/\/michael-kunze.net\/category\/artikel\/wp-json\/wp\/v2\/tags?post=2045"}],"curies":[{"name":"wp","href":"https:\/\/api.w.org\/{rel}","templated":true}]}}