{"id":3575,"date":"2020-02-28T07:21:05","date_gmt":"2020-02-28T07:21:05","guid":{"rendered":"http:\/\/michael-kunze.net\/category\/artikel\/?p=3575"},"modified":"2020-03-18T07:48:41","modified_gmt":"2020-03-18T07:48:41","slug":"runter-vom-gas","status":"publish","type":"post","link":"https:\/\/michael-kunze.net\/category\/artikel\/2020\/02\/28\/runter-vom-gas\/","title":{"rendered":"Runter vom&nbsp;Gas!"},"content":{"rendered":"<figure id=\"attachment_3576\" aria-describedby=\"caption-attachment-3576\" style=\"width: 203px\" class=\"wp-caption alignleft\"><img loading=\"lazy\" decoding=\"async\" class=\"size-medium wp-image-3576\" alt=\"Sag mir, wo Du stehst - als Konservativer! Keine ganz einfache Aufgabe, wenn man es mit einem Begriff zu tun hat, der nicht auf eine unverf\u00fcgbare Substanz bezogen ist, sondern in den Zeitl\u00e4uften je verschieden in Relation zu den Umst\u00e4nden definiert wird. Cover: Verlag\" src=\"http:\/\/michael-kunze.net\/wp-content\/uploads\/2020\/03\/978-3-525-31117-2_600x600-203x300.jpg\" width=\"203\" height=\"300\" srcset=\"https:\/\/michael-kunze.net\/wp-content\/uploads\/2020\/03\/978-3-525-31117-2_600x600-203x300.jpg 203w, https:\/\/michael-kunze.net\/wp-content\/uploads\/2020\/03\/978-3-525-31117-2_600x600-250x369.jpg 250w, https:\/\/michael-kunze.net\/wp-content\/uploads\/2020\/03\/978-3-525-31117-2_600x600.jpg 406w\" sizes=\"auto, (max-width: 203px) 100vw, 203px\"><figcaption id=\"caption-attachment-3576\" class=\"wp-caption-text\">Sag mir, wo Du stehst \u2013 als Kon\u00adser\u00adva\u00adti\u00adver! Kei\u00adne ein\u00adfa\u00adche Auf\u00adga\u00adbe, wenn man es mit einem Begriff zu tun hat, der nicht auf eine unver\u00adf\u00fcg\u00adba\u00adre Sub\u00adstanz bezo\u00adgen ist, son\u00addern sich \u00fcber die Zei\u00adten wan\u00addelt. Cover: Verlag<\/figcaption><\/figure>\n<p>Kon\u00adser\u00adva\u00adti\u00adve wol\u00adlen sich dem gesell\u00adschaft\u00adli\u00adchen Wan\u00addel nicht ver\u00adwei\u00adgern, ihn aber ver\u00adlang\u00adsa\u00admen, steu\u00adern. Ein neu\u00ader Sam\u00admel\u00adband, her\u00adaus\u00adge\u00adge\u00adben vom Dres\u00adde\u00adner Repr\u00e4\u00adsen\u00adtan\u00adten der CDU-nahen Kon\u00adrad-Ade\u00adnau\u00ader-Stif\u00adtung, Joa\u00adchim Klo\u00adse, und dem eins\u00adti\u00adgen Bun\u00addes\u00adtags\u00adpr\u00e4\u00adsi\u00adden\u00adten Nor\u00adbert Lam\u00admert, gibt Auf\u00adschluss dar\u00ad\u00fcber,&nbsp;wie.<\/p>\n<p>DRESDEN. Was ist kon\u00adser\u00adva\u00adtiv, wer, wozu? Wor\u00adan l\u00e4sst sich kon\u00adser\u00adva\u00adti\u00adve Poli\u00adtik able\u00adsen? Seit selbst der einst dem Mao\u00adis\u00admus nahe\u00adste\u00adhen\u00adde baden-w\u00fcrt\u00adtem\u00adber\u00adgi\u00adsche Gr\u00fc\u00adnen-Minis\u00adter\u00adpr\u00e4\u00adsi\u00addent&nbsp;Win\u00adfried Kret\u00adsch\u00admann f\u00fcr \u201eeine neue Idee des Kon\u00adser\u00adva\u00adti\u00adven\u201c wirbt, ist Ver\u00adwir\u00adrung \u00fcber die\u00adse und ande\u00adre Fra\u00adgen&nbsp;nahe\u00adlie\u00adgend, wird das Dilem\u00adma der Kon\u00adser\u00adva\u00adti\u00adven deut\u00adlich, die, par\u00adtei\u00adpo\u00adli\u00adtisch jahr\u00adzehn\u00adte\u00adlang vor\u00adran\u00adgig an die Uni\u00adon gebun\u00adden, zwi\u00adschen AfD,&nbsp;Gr\u00fc\u00adnen&nbsp;und \u2013 wie Th\u00fc\u00adrin\u00adgen zeigt \u2013 manch\u00admal auch der&nbsp;Links\u00adpar\u00adtei&nbsp;zer\u00adrie\u00adben zu wer\u00adden&nbsp;drohen.<\/p>\n<p>Ein neu\u00ader Sam\u00admel\u00adband, her\u00adaus\u00adge\u00adge\u00adben vom s\u00e4ch\u00adsi\u00adschen Lan\u00addes\u00adbe\u00adauf\u00adtrag\u00adten der Ade\u00adnau\u00ader\u00adstif\u00adtung, Joa\u00adchim Klo\u00adse, sowie von Ex-Bun\u00addes\u00adtags\u00adpr\u00e4\u00adsi\u00addent Nor\u00adbert Lam\u00admert, nimmt nun Anlauf, ver\u00adlo\u00adre\u00adnes Ter\u00adrain zur\u00fcck\u00adzu\u00ader\u00adobern. Klo\u00adse und Lam\u00admert suchen nach einem moder\u00adnen, gar pro\u00adgres\u00adsi\u00adven Kon\u00adser\u00adva\u00adtis\u00admus. Das&nbsp;wirkt zun\u00e4chst arg glatt, ver\u00addeut\u00adlicht aber die Her\u00adaus\u00adfor\u00adde\u00adrung, vor <!--more-->der Kon\u00adser\u00adva\u00adti\u00adve ste\u00adhen: dass das, wof\u00fcr sie ein\u00adtre\u00adten, ohne des\u00adsen Ver\u00adh\u00e4lt\u00adnis&nbsp;zu Inno\u00adva\u00adti\u00adon nicht zu den\u00adken ist und sich&nbsp;bei\u00addes in Abh\u00e4n\u00adgig\u00adkeit von\u00adein\u00adan\u00adder fort\u00adw\u00e4h\u00adrend ver\u00e4ndert.<\/p>\n<p>So ver\u00adstan\u00adden, sagt das Kon\u00adser\u00adva\u00adti\u00adve eher etwas aus \u00fcber die sich wei\u00adter\u00adent\u00adwi\u00adckeln\u00adde&nbsp;Ein\u00adstel\u00adlung zu gesell\u00adschaft\u00adli\u00adchen, poli\u00adti\u00adschen, \u00f6ko\u00adno\u00admi\u00adschen, tech\u00adni\u00adschen, kul\u00adtu\u00adrel\u00adlen Ver\u00ad\u00e4n\u00adde\u00adrun\u00adgen \u2013 weni\u00adger \u00fcber die eige\u00adne Posi\u00adti\u00adon auf dem jewei\u00adli\u00adgen Feld. Das Kon\u00adser\u00adva\u00adti\u00adve ist selbst Objekt von Ver\u00ad\u00e4n\u00adde\u00adrung, will aber auch Sub\u00adjekt sein, rea\u00adlis\u00adti\u00adscher\u00adwei\u00adse ein schwa\u00adches. Ziel ist es, Ver\u00ad\u00e4n\u00adde\u00adrun\u00adgen \u201ef\u00fcr alle\u201c ertr\u00e4g\u00adlich zu machen, sie also vor allem zu ver\u00adlang\u00adsa\u00admen \u2013 im Wis\u00adsen dar\u00adum, dass sich Wan\u00addel nicht per se unter\u00adbin\u00adden l\u00e4sst. Dar\u00adin sieht Lam\u00admert einen Unter\u00adschied zu Tra\u00addi\u00adtio\u00adna\u00adlis\u00adten und Reaktion\u00e4ren.<\/p>\n<p>Kon\u00adser\u00adva\u00adtis\u00admus, schreibt er, sei dar\u00adum \u201eimmer auch modern\u201c \u2013 andern\u00adfalls belang\u00adlos. Kri\u00adti\u00adkern, die dar\u00adin zu viel Zeit\u00adgeist-Oppor\u00adtu\u00adnis\u00admus aus\u00adma\u00adchen, wird schwer&nbsp;wider\u00adspre\u00adchen k\u00f6n\u00adnen, wer eine so weit\u00adge\u00adfass\u00adte Deu\u00adtung f\u00fcr das Tor zu Pro\u00adfil\u00adlo\u00adsig\u00adkeit h\u00e4lt, deren Kon\u00adse\u00adquenz Belang\u00adlo\u00adsig\u00adkeit sein kann. L\u00e4ngst ist?<\/p>\n<p>Wenn die Her\u00adaus\u00adge\u00adber den Band also mit \u201eBalan\u00adce\u00adakt f\u00fcr die Zukunft\u201c beti\u00adteln, zielt das auf den Kern der Pro\u00adble\u00adme, mit denen sich Kon\u00adser\u00adva\u00adti\u00adve aus\u00adein\u00adan\u00adder\u00adzu\u00adset\u00adzen haben, wol\u00adlen sie rele\u00advant blei\u00adben und sich nicht vor\u00adran\u00adgig&nbsp;von Wett\u00adbe\u00adwer\u00adbern zuschrei\u00adben las\u00adsen, wer sie&nbsp;sind.<\/p>\n<p>Hier bie\u00adtet das Buch reich\u00adlich Stoff, wenn auch f\u00fcr jene, die sich mit den Her\u00adaus\u00adfor\u00adde\u00adrun\u00adgen schon l\u00e4n\u00adger befas\u00adsen, man\u00adches bekannt ist. Das liegt auch an eini\u00adgen in der Debat\u00adte dau\u00ader\u00adpr\u00e4\u00adsen\u00adten Autoren: Wer\u00adner Pat\u00adz\u00adelt etwa, Micha\u00adel St\u00fcr\u00admer, J\u00f6rg Bab\u00ade\u00adrow\u00adsi. Hin\u00adzu kom\u00admen weni\u00adger bekann\u00adte wie der Chem\u00adnit\u00adzer Sebas\u00adti\u00adan Lie\u00adbold, Hen\u00adry Krau\u00adse aus Dres\u00adden oder die Orban-nahen Zol\u00adt\u00e1n Balog und Zol\u00adt\u00e1n Sza\u00adlai. Was aber ist mit den Frau\u00aden? Gera\u00adde zwei der mehr als zwei Dut\u00adzend Tex\u00adte stammt von weib\u00adli\u00adcher Hand. Haben sie&nbsp;nichts bei\u00adzu\u00adtra\u00adgen, wur\u00adden nicht gefragt?<\/p>\n<p>Dabei ist die inhalt\u00adli\u00adche und poli\u00adti\u00adsche Band\u00adbrei\u00adte, ja Distanz nicht nur zwi\u00adschen den Ungarn und Lam\u00admert gewal\u00adtig, was das Buch lesens\u00adwert und vor dem Hin\u00adter\u00adgrund der&nbsp;Angst vor einer \u201eauto\u00adri\u00adt\u00e4\u00adren Wen\u00adde\u201c rele\u00advant macht, erst recht nach \u201eTh\u00fc\u00adrin\u00adgen\u201c.<\/p>\n<p>Soll sich, wer unzu\u00adfrie\u00adden ist, nun erst recht (par\u00adtei-) poli\u00adtisch enga\u00adgie\u00adren oder \u201eins Pri\u00adva\u00adte\u201c zur\u00fcck\u00adzie\u00adhen? Wer hier Klar\u00adheit f\u00fcr sich schaf\u00adfen will, fin\u00addet Ant\u00adwor\u00adten, etwa in Eck\u00adhard Jes\u00adses Text \u00fcber die Fra\u00adge \u201eBraucht Deutsch\u00adland eine bun\u00addes\u00adweit w\u00e4hl\u00adba\u00adre, kon\u00adser\u00adva\u00adti\u00adve CSU?\u201c. Denn gesell\u00adschaft\u00adli\u00adche oder poli\u00adti\u00adsche Ver\u00ad\u00e4n\u00adde\u00adrun\u00adgen schei\u00adnen sich zu beschleu\u00adni\u00adgen. Der Band arbei\u00adtet her\u00adaus: Das ist nichts Neu\u00ades und k\u00f6nn\u00adte in der dau\u00ader\u00adge\u00adreiz\u00adten Grund\u00adstim\u00admung hier\u00adzu\u00adlan\u00adde zur Beru\u00adhi\u00adgung tau\u00adgen. Statt\u00addes\u00adsen schei\u00adnen Unsi\u00adcher\u00adheit, Ori\u00aden\u00adtie\u00adrungs\u00adlo\u00adsig\u00adkeit und \u2013 durch\u00adaus plau\u00adsi\u00adbel begr\u00fcnd\u00adbar \u2013 der Wunsch nach Gren\u00adzen in vie\u00adler\u00adlei Hin\u00adsicht zuzu\u00adneh\u00admen. Mit dem Fest\u00adhal\u00adten des Sta\u00adtus quo ist es nicht getan, schreibt Hen\u00adry Krau\u00adse. Das n\u00e4m\u00adlich woll\u00adte auch Erich Honecker.<\/p>\n<p><em>Joa\u00adchim Klose\/Norbert Lam\u00admert (Hrsg.): Balan\u00adce\u00adakt f\u00fcr die Zukunft. Kon\u00adser\u00adva\u00adtis\u00admus als Hal\u00adtung, Ver\u00adlag Van\u00adden\u00adhoeck &amp; Ruprecht, G\u00f6t\u00adtin\u00adgen 2019, 373 Sei\u00adten, 37,99&nbsp;Euro.<\/em><\/p>\n<span id=\"post-ratings-3575\" class=\"post-ratings\" data-nonce=\"b1e01bfa0e\"><span class=\"hreview-aggregate\">\n  <span class=\"item\">\n    <span class=\"fn\">Run\u00adter vom&nbsp;Gas!<\/span>: <img decoding=\"async\" id=\"rating_3575_1\" src=\"https:\/\/michael-kunze.net\/wp-content\/plugins\/wp-postratings\/images\/stars\/rating_on.gif\" alt=\"1 Star\" title=\"1 Star\" onmouseover=\"current_rating(3575, 1, '1 Star');\" onmouseout=\"ratings_off(5, 0, 0);\" onclick=\"rate_post();\" onkeypress=\"rate_post();\" style=\"cursor: pointer; border: 0px;\"><img decoding=\"async\" id=\"rating_3575_2\" src=\"https:\/\/michael-kunze.net\/wp-content\/plugins\/wp-postratings\/images\/stars\/rating_on.gif\" alt=\"2 Stars\" title=\"2 Stars\" onmouseover=\"current_rating(3575, 2, '2 Stars');\" onmouseout=\"ratings_off(5, 0, 0);\" onclick=\"rate_post();\" onkeypress=\"rate_post();\" style=\"cursor: pointer; border: 0px;\"><img decoding=\"async\" id=\"rating_3575_3\" src=\"https:\/\/michael-kunze.net\/wp-content\/plugins\/wp-postratings\/images\/stars\/rating_on.gif\" alt=\"3 Stars\" title=\"3 Stars\" onmouseover=\"current_rating(3575, 3, '3 Stars');\" onmouseout=\"ratings_off(5, 0, 0);\" onclick=\"rate_post();\" onkeypress=\"rate_post();\" style=\"cursor: pointer; border: 0px;\"><img decoding=\"async\" id=\"rating_3575_4\" src=\"https:\/\/michael-kunze.net\/wp-content\/plugins\/wp-postratings\/images\/stars\/rating_on.gif\" alt=\"4 Stars\" title=\"4 Stars\" onmouseover=\"current_rating(3575, 4, '4 Stars');\" onmouseout=\"ratings_off(5, 0, 0);\" onclick=\"rate_post();\" onkeypress=\"rate_post();\" style=\"cursor: pointer; border: 0px;\"><img decoding=\"async\" id=\"rating_3575_5\" src=\"https:\/\/michael-kunze.net\/wp-content\/plugins\/wp-postratings\/images\/stars\/rating_on.gif\" alt=\"5 Stars\" title=\"5 Stars\" onmouseover=\"current_rating(3575, 5, '5 Stars');\" onmouseout=\"ratings_off(5, 0, 0);\" onclick=\"rate_post();\" onkeypress=\"rate_post();\" style=\"cursor: pointer; border: 0px;\"><br>\n  <\/span>\n  <span class=\"rating\">\n    <span class=\"average\"><b>5,00<\/b><\/span>\n    von\n    <span class=\"best\">5<\/span>\n    Punk\u00adten, basie\u00adrend auf\n    <span class=\"votes\">1<\/span>\n    abge\u00adge\u00adbe\u00adnen Stimmen.&nbsp;<\/span>\n<\/span><\/span><span id=\"post-ratings-3575-loading\" class=\"post-ratings-loading\"><img loading=\"lazy\" decoding=\"async\" src=\"https:\/\/michael-kunze.net\/wp-content\/plugins\/wp-postratings\/images\/loading.gif\" width=\"16\" height=\"16\" class=\"post-ratings-image\">Loa\u00adding\u2026<\/span>\n\n<div class=\"jwsharethis\">\nShare&nbsp;this:&nbsp;<br>\n<a href=\"mailto:?subject=Runter%20vom%26nbsp%3BGas%21&amp;body=https%3A%2F%2Fmichael-kunze.net%2Fcategory%2Fartikel%2F2020%2F02%2F28%2Frunter-vom-gas%2F\">\n<img decoding=\"async\" src=\"https:\/\/michael-kunze.net\/wp-content\/plugins\/jw-share-this\/email.png\" alt=\"Share this page via Email\">\n<\/a>\n<a target=\"_blank\" href=\"http:\/\/www.facebook.com\/sharer.php?u=https%3A%2F%2Fmichael-kunze.net%2Fcategory%2Fartikel%2F2020%2F02%2F28%2Frunter-vom-gas%2F&amp;t=Runter+vom%26nbsp%3BGas%21\">\n<img decoding=\"async\" src=\"https:\/\/michael-kunze.net\/wp-content\/plugins\/jw-share-this\/fb.png\" alt=\"Share this page via Facebook\">\n<\/a>\n<a target=\"_blank\" href=\"http:\/\/twitter.com\/intent\/tweet?text=I+like+https%3A%2F%2Fmichael-kunze.net%2Fcategory%2Fartikel%2F2020%2F02%2F28%2Frunter-vom-gas%2F&amp;title=Runter+vom%26nbsp%3BGas%21\">\n<img decoding=\"async\" src=\"https:\/\/michael-kunze.net\/wp-content\/plugins\/jw-share-this\/twitter.png\" alt=\"Share this page via Twitter\">\n<\/a>\n<\/div>\n","protected":false},"excerpt":{"rendered":"<p>Kon\u00adser\u00adva\u00adti\u00adve wol\u00adlen sich dem gesell\u00adschaft\u00adli\u00adchen Wan\u00addel nicht ver\u00adwei\u00adgern, ihn aber ver\u00adlang\u00adsa\u00admen, steu\u00adern. Ein neu\u00ader Sam\u00admel\u00adband, her\u00adaus\u00adge\u00adge\u00adben vom Dres\u00adde\u00adner Repr\u00e4\u00adsen\u00adtan\u00adten der CDU-nahen Kon\u00ad\u00adrad-Ade\u00adn\u00adau\u00ader-Stif\u00ad\u00adtung, Joa\u00adchim Klo\u00adse, und dem eins\u00adti\u00adgen Bun\u00addes\u00adtags\u00adpr\u00e4\u00adsi\u00adden\u00adten Nor\u00adbert Lam\u00admert, gibt Auf\u00adschluss dar\u00ad\u00fcber,&nbsp;wie. DRESDEN. Was ist kon\u00adser\u00adva\u00adtiv, wer, wozu? Wor\u00adan l\u00e4sst sich kon\u00adser\u00adva\u00adti\u00adve Poli\u00adtik able\u00adsen? Seit selbst der einst dem Mao\u00adis\u00admus nahe\u00adste\u00adhen\u00adde baden-w\u00fcr\u00adt\u00ad\u00adte\u00adm\u00ad\u00adber\u00ad\u00adgi\u00ad\u00adsche Gr\u00fc\u00ad\u00adnen-Minis\u00ad\u00adter\u00adpr\u00e4\u00ad\u00adsi\u00ad\u00addent&nbsp;Win\u00adfried Kret\u00adsch\u00admann\u2026 <a class=\"more-link\" href=\"https:\/\/michael-kunze.net\/category\/artikel\/2020\/02\/28\/runter-vom-gas\/\"><span class=\"screen-reader-text\">Run\u00adter vom&nbsp;Gas!<\/span> wei\u00adter\u00adle\u00adsen <span class=\"meta-nav\" aria-hidden=\"true\">\u2192<\/span><\/a><\/p>\n","protected":false},"author":1,"featured_media":0,"comment_status":"open","ping_status":"open","sticky":false,"template":"","format":"standard","meta":{"wp_typography_post_enhancements_disabled":false,"footnotes":""},"categories":[19,13,1,329,11],"tags":[336,340,346,241,990,108,1514,1509,1507,1513,946,973,647,1512,1508,975,137,818,436,955,339,1510,1511],"class_list":["post-3575","post","type-post","status-publish","format-standard","hentry","category-artikel","category-geschichte","category-politik","category-rezension","category-wissenschaft","tag-afd","tag-baden-wurttemberg","tag-bundnis-90die-grunen","tag-cdu","tag-csu","tag-eckhard-jesse","tag-erich-honecker","tag-henry-krause","tag-joachim-klose","tag-jorg-baberowski","tag-konrad-adenauer-stiftung","tag-konservatismus","tag-linkspartei","tag-michael-sturmer","tag-norbert-lammert","tag-parteien","tag-sebastian-liebold","tag-thuringen","tag-traditionalismus","tag-werner-patzelt","tag-winfried-kretschmann","tag-zoltan-balog","tag-zoltan-szalai"],"_links":{"self":[{"href":"https:\/\/michael-kunze.net\/category\/artikel\/wp-json\/wp\/v2\/posts\/3575","targetHints":{"allow":["GET"]}}],"collection":[{"href":"https:\/\/michael-kunze.net\/category\/artikel\/wp-json\/wp\/v2\/posts"}],"about":[{"href":"https:\/\/michael-kunze.net\/category\/artikel\/wp-json\/wp\/v2\/types\/post"}],"author":[{"embeddable":true,"href":"https:\/\/michael-kunze.net\/category\/artikel\/wp-json\/wp\/v2\/users\/1"}],"replies":[{"embeddable":true,"href":"https:\/\/michael-kunze.net\/category\/artikel\/wp-json\/wp\/v2\/comments?post=3575"}],"version-history":[{"count":11,"href":"https:\/\/michael-kunze.net\/category\/artikel\/wp-json\/wp\/v2\/posts\/3575\/revisions"}],"predecessor-version":[{"id":3578,"href":"https:\/\/michael-kunze.net\/category\/artikel\/wp-json\/wp\/v2\/posts\/3575\/revisions\/3578"}],"wp:attachment":[{"href":"https:\/\/michael-kunze.net\/category\/artikel\/wp-json\/wp\/v2\/media?parent=3575"}],"wp:term":[{"taxonomy":"category","embeddable":true,"href":"https:\/\/michael-kunze.net\/category\/artikel\/wp-json\/wp\/v2\/categories?post=3575"},{"taxonomy":"post_tag","embeddable":true,"href":"https:\/\/michael-kunze.net\/category\/artikel\/wp-json\/wp\/v2\/tags?post=3575"}],"curies":[{"name":"wp","href":"https:\/\/api.w.org\/{rel}","templated":true}]}}