{"id":3911,"date":"2020-11-12T08:30:41","date_gmt":"2020-11-12T08:30:41","guid":{"rendered":"http:\/\/michael-kunze.net\/category\/artikel\/?p=3911"},"modified":"2021-01-27T14:43:33","modified_gmt":"2021-01-27T14:43:33","slug":"der-katholische-beitrag-zum-christlichen-friedensseminar-koenigswalde-eine-skizze-fuer-die-jahre-bis-1989","status":"publish","type":"post","link":"https:\/\/michael-kunze.net\/category\/artikel\/2020\/11\/12\/der-katholische-beitrag-zum-christlichen-friedensseminar-koenigswalde-eine-skizze-fuer-die-jahre-bis-1989\/","title":{"rendered":"Der katholische Beitrag zum Christlichen Friedensseminar K\u00f6nigswalde \u2013 eine Skizze f\u00fcr die Jahre bis&nbsp;1989"},"content":{"rendered":"<figure id=\"attachment_3912\" aria-describedby=\"caption-attachment-3912\" style=\"width: 2560px\" class=\"wp-caption alignleft\"><img loading=\"lazy\" decoding=\"async\" class=\"wp-image-3912 size-full\" src=\"http:\/\/michael-kunze.net\/wp-content\/uploads\/2021\/01\/IMG_9367-scaled.jpg\" alt width=\"2560\" height=\"1707\" srcset=\"https:\/\/michael-kunze.net\/wp-content\/uploads\/2021\/01\/IMG_9367-scaled.jpg 2560w, https:\/\/michael-kunze.net\/wp-content\/uploads\/2021\/01\/IMG_9367-370x247.jpg 370w, https:\/\/michael-kunze.net\/wp-content\/uploads\/2021\/01\/IMG_9367-1024x683.jpg 1024w, https:\/\/michael-kunze.net\/wp-content\/uploads\/2021\/01\/IMG_9367-768x512.jpg 768w, https:\/\/michael-kunze.net\/wp-content\/uploads\/2021\/01\/IMG_9367-1536x1024.jpg 1536w, https:\/\/michael-kunze.net\/wp-content\/uploads\/2021\/01\/IMG_9367-2048x1365.jpg 2048w, https:\/\/michael-kunze.net\/wp-content\/uploads\/2021\/01\/IMG_9367-300x200.jpg 300w\" sizes=\"auto, (max-width: 2560px) 100vw, 2560px\"><figcaption id=\"caption-attachment-3912\" class=\"wp-caption-text\">In der Jako\u00adbi\u00adkir\u00adche des heu\u00adti\u00adgen Wer\u00addau\u00ader Orts\u00adteils K\u00f6nigs\u00adwal\u00adde tag\u00adte das weit \u00fcber S\u00fcd\u00adwest\u00adsach\u00adsen hin\u00adaus bekann\u00adte Christ\u00adli\u00adche Frie\u00addens\u00adse\u00admi\u00adnar seit 1979. Foto: Micha\u00adel&nbsp;Kunze<\/figcaption><\/figure>\n<p>\u201eHoff\u00adnung\u201c, hat\u00adte V\u00e1clav Havel einst gesagt, \u201eist nicht die \u00dcber\u00adzeu\u00adgung, dass etwas gut aus\u00adgeht, son\u00addern die Gewiss\u00adheit, dass etwas Sinn hat, egal wie es aus\u00adgeht.\u201c<a href=\"applewebdata:\/\/76F2EB03-0DC9-4136-8632-85C4A5FA622E#_ftn1\" name=\"_ftnref1\">[1]<\/a> Die\u00adse Hoff\u00adnung hat vie\u00adle Men\u00adschen, die in der DDR mit der gesell\u00adschaft\u00adlich-poli\u00adti\u00adschen Wirk\u00adlich\u00adkeit unzu\u00adfrie\u00adden waren, ange\u00adtrie\u00adben \u2013 auch im S\u00fcd\u00adwes\u00adten des heu\u00adti\u00adgen Frei\u00adstaats Sach\u00adsen, im dama\u00adli\u00adgen Bezirk Karl-Marx-Stadt, Kreis Werdau.<\/p>\n<p>So sam\u00admel\u00adten sich in K\u00f6nigs\u00adwal\u00adde, heu\u00adte ein Wer\u00addau\u00ader Orts\u00adteil, am 19. Mai 1973 erst\u00admals 28 Teil\u00adneh\u00admer<a href=\"applewebdata:\/\/76F2EB03-0DC9-4136-8632-85C4A5FA622E#_ftn2\" name=\"_ftnref2\">[2]<\/a>, um dem evan\u00adge\u00adli\u00adschen <!--more-->Pfar\u00adrer Rudolf Albrecht zuzu\u00adh\u00f6\u00adren. In sei\u00adnem Vor\u00adtrag sprach er \u00fcber \u201eFrie\u00adden schaf\u00adfen ohne Waf\u00adfen \u2013 was spricht daf\u00fcr?\u201c Initia\u00adtor des aus die\u00adser Zusam\u00admen\u00adkunft her\u00advor\u00adge\u00adhen\u00adden Christ\u00adli\u00adchen Frie\u00addens\u00adse\u00admi\u00adnars, das fort\u00adan jeweils in Fr\u00fch\u00adjahr und Herbst Jahr f\u00fcr Jahr bis 2019 tag\u00adte, war Hans\u00adj\u00f6rg Weigel (1943 bis 2020), gebo\u00adren in Chem\u00adnitz, seit 1945 wohn\u00adhaft in K\u00f6nigs\u00adwal\u00adde, aus\u00adge\u00adbil\u00adde\u00adter Kraft\u00adfahr\u00adzeug\u00adelek\u00adtri\u00adker, ver\u00adhei\u00adra\u00adtet, Vater. \u201e\u201aStaats\u00adfeind\u00adli\u00adche Het\u00adze\u2018 brach\u00adte ihn 1980 drei Mona\u00adte in Unter\u00adsu\u00adchungs\u00adhaft.\u201c<a href=\"applewebdata:\/\/76F2EB03-0DC9-4136-8632-85C4A5FA622E#_ftn3\" name=\"_ftnref3\">[3]<\/a> Obwohl er zun\u00e4chst in der Frei\u00aden Deut\u00adschen Jugend (FDJ) Grup\u00adpen\u00adrats\u00advor\u00adsit\u00adzen\u00adder gewor\u00adden war und in der para\u00admi\u00adli\u00adt\u00e4\u00adri\u00adschen Gesell\u00adschaft f\u00fcr Sport und Tech\u00adnik (GST) Schie\u00df\u00adaus\u00adbil\u00adder, sich 1961 frei\u00adwil\u00adlig zum Dienst an der Waf\u00adfe mel\u00adde\u00adte (aber abge\u00adlehnt wur\u00adde), ver\u00adwei\u00adger\u00adte er zwei Jah\u00adre sp\u00e4\u00adter den Waf\u00adfen\u00addienst und trat 1966\/67 aus Gewis\u00adsens\u00adgr\u00fcn\u00adden als Bau\u00adsol\u00addat an.<a href=\"applewebdata:\/\/76F2EB03-0DC9-4136-8632-85C4A5FA622E#_ftn4\" name=\"_ftnref4\">[4]<\/a> Am 29. April 2020 starb Weigel im Alter von 77 Jah\u00adren.<a href=\"applewebdata:\/\/76F2EB03-0DC9-4136-8632-85C4A5FA622E#_ftn5\" name=\"_ftnref5\">[5]<\/a><\/p>\n<p>Aus\u00adgangs\u00adpunkt des ers\u00adten Frie\u00addens\u00adse\u00admi\u00adnars im Mai 1973 war der Wunsch der Teil\u00adneh\u00admer, ihre Bau\u00adsol\u00adda\u00adten\u00adzeit zu ver\u00adar\u00adbei\u00adten, dar\u00adaus f\u00fcr das eige\u00adne Leben nach Dienst\u00adzeit\u00aden\u00adde Kon\u00adse\u00adquen\u00adzen abzu\u00adlei\u00adten, dies in Gemein\u00adschaft und auf christ\u00adli\u00adcher Grund\u00adla\u00adge zu tun und jenen, die f\u00fcr sich erwo\u00adgen, k\u00fcnf\u00adtig Bau\u00adsol\u00adda\u00adten zu wer\u00adden, geis\u00adti\u00adges, geist\u00adli\u00adches und gegen\u00ad\u00fcber Drit\u00adten jed\u00adwe\u00adder Cou\u00adleur (etwa staat\u00adli\u00adchen Stel\u00adlen) argu\u00admen\u00adta\u00adti\u00adves R\u00fcst\u00adzeug zu geben. \u201eAb 1979 tag\u00adte das Semi\u00adnar in der Dorf\u00adkir\u00adche. Die Teil\u00adneh\u00admer\u00adzahl stieg \u2013 vor allem nach Ein\u00adf\u00fch\u00adrung des Wehr\u00adkun\u00adde\u00adun\u00adter\u00adrichts \u2013 dra\u00adma\u00adtisch an. Am 1. Mai 1980\u201c, so Hans\u00adj\u00f6rg Weigel in einem Vor\u00adtrag, den er im Win\u00adter\u00adse\u00admes\u00adter 2004\/05 an der TU Chem\u00adnitz hielt, \u201etra\u00adfen sich evan\u00adge\u00adli\u00adsche und katho\u00adli\u00adsche Jugend\u00adli\u00adche zum ers\u00adten Frie\u00addens\u00adge\u00adbet in K\u00f6nigs\u00adwal\u00adde\u201c.<a href=\"applewebdata:\/\/76F2EB03-0DC9-4136-8632-85C4A5FA622E#_ftn6\" name=\"_ftnref6\">[6]<\/a> Beim Herbst\u00adse\u00admi\u00adnar 1982 wur\u00adden bereits rund 550 Teil\u00adneh\u00admer gez\u00e4hlt \u2013 vie\u00adlen, die sich ange\u00admel\u00addet hat\u00adten, muss\u00adte wegen \u00dcber\u00adf\u00fcl\u00adlung abge\u00adsagt wer\u00adden.<a href=\"applewebdata:\/\/76F2EB03-0DC9-4136-8632-85C4A5FA622E#_ftn7\" name=\"_ftnref7\">[7]<\/a><\/p>\n<p><strong>Leben\u00addi\u00adge \u00d6kumene<\/strong><\/p>\n<p>Den \u00f6ku\u00adme\u00adni\u00adschen Semi\u00adnar\u00adcha\u00adrak\u00adter, der auch auf die Teil\u00adnah\u00adme kon\u00adfes\u00adsio\u00adnell Unge\u00adbun\u00adde\u00adner setz\u00adte, hat Hans\u00adj\u00f6rg Weigel, selbst als jun\u00adger Erwach\u00adse\u00adner evan\u00adge\u00adlisch-luthe\u00adrisch getauft, zeit sei\u00adnes Lebens gewollt und gef\u00f6r\u00addert. Das Frie\u00addens\u00adse\u00admi\u00adnar gewann \u201esowohl kirch\u00adlich als auch grenz\u00ad\u00fcber\u00adschrei\u00adtend an \u00f6ku\u00adme\u00adni\u00adscher Wei\u00adte. Katho\u00adli\u00adsche Chris\u00adten arbei\u00adte\u00adten ver\u00adst\u00e4rkt mit und setz\u00adten dabei ganz eige\u00adne Akzen\u00adte\u201c, hei\u00dft es in der Selbst\u00addar\u00adstel\u00adlung des Semi\u00adnars<a href=\"applewebdata:\/\/76F2EB03-0DC9-4136-8632-85C4A5FA622E#_ftn8\" name=\"_ftnref8\">[8]<\/a>, das sich auch \u00f6ko\u00adlo\u00adgi\u00adschen, \u00f6ko\u00adno\u00admi\u00adschen und frie\u00addens\u00adethisch-gesell\u00adschafts\u00adpo\u00adli\u00adti\u00adschen Fra\u00adgen widmete.<\/p>\n<p>Zwar blieb die Anzahl der teil\u00adneh\u00admen\u00adden Katho\u00adli\u00adken immer eine klei\u00adne Min\u00adder\u00adheit, doch trug die\u00adse auf unter\u00adschied\u00adli\u00adchen Fel\u00addern direkt oder indi\u00adrekt lit\u00adur\u00adgi\u00adsche, kul\u00adtu\u00adrel\u00adle und dar\u00ad\u00fcber hin\u00adaus\u00adrei\u00adchen\u00adde Ele\u00admen\u00adte bei. Aus der Pfar\u00adrei St. Fran\u00adzis\u00adkus zu Crim\u00admit\u00adschau kam ein Gro\u00df\u00adteil der r\u00f6misch-katho\u00adli\u00adschen \u201eSemi\u00adna\u00adris\u00adten\u201c \u2013 nicht von unge\u00adf\u00e4hr. Die r\u00e4um\u00adli\u00adche N\u00e4he half gewiss. Doch tru\u00adgen auch die dor\u00adti\u00adgen Pries\u00adter dazu bei, jun\u00adge Leu\u00adte aus ihren Rei\u00adhen zu moti\u00advie\u00adren \u2013 etwa Andre\u00adas und Ange\u00adla Bay\u00ader oder Paul Gr\u00fcn\u00adler.<a href=\"applewebdata:\/\/76F2EB03-0DC9-4136-8632-85C4A5FA622E#_ftn9\" name=\"_ftnref9\">[9]<\/a> Auch aus der benach\u00adbar\u00adten Pfar\u00adrei St. Boni\u00adfa\u00adti\u00adus in Wer\u00addau nah\u00admen wie\u00adder\u00adholt Inter\u00ades\u00adsier\u00adte teil.<a href=\"applewebdata:\/\/76F2EB03-0DC9-4136-8632-85C4A5FA622E#_ftn10\" name=\"_ftnref10\">[10]<\/a> Mit Pfar\u00adrer Joa\u00adchim Wen\u00adzel (1925 bis 2005)<a href=\"applewebdata:\/\/76F2EB03-0DC9-4136-8632-85C4A5FA622E#_ftn11\" name=\"_ftnref11\">[11]<\/a> sowie Kaplan Micha\u00adel Wypp\u00adler (1949 bis 2019)<a href=\"applewebdata:\/\/76F2EB03-0DC9-4136-8632-85C4A5FA622E#_ftn12\" name=\"_ftnref12\">[12]<\/a> stan\u00adden zwei durch das Zwei\u00adte Vati\u00adka\u00adni\u00adsche Kon\u00adzil (1962 bis 1965) gepr\u00e4g\u00adte Pries\u00adter der Regi\u00adon den K\u00f6nigs\u00adwal\u00adder Anlie\u00adgen beson\u00adders auf\u00adge\u00adschlos\u00adsen gegen\u00ad\u00fcber. Wen\u00adzel war von 1961 bis 1990 in Crim\u00admit\u00adschau Pfar\u00adrer und blieb nach Ein\u00adtritt in den Ruhe\u00adstand in der Stadt. Wypp\u00adler wirk\u00adte nach sei\u00adner Pries\u00adter\u00adwei\u00adhe von 1978 bis 1981<a href=\"applewebdata:\/\/76F2EB03-0DC9-4136-8632-85C4A5FA622E#_ftn13\" name=\"_ftnref13\">[13]<\/a> bei Wen\u00adzel, sp\u00e4\u00adter als des\u00adsen Nach\u00adfol\u00adger bis 2003. Vor allem Wypp\u00adler wur\u00adde ein enga\u00adgier\u00adter Weg\u00adbe\u00adrei\u00adter von katho\u00adli\u00adscher Sei\u00adte. Von Mai 1979 an nahm er am Semi\u00adnar teil. Er, Weigel sowie Paul Gr\u00fcn\u00adler tru\u00adgen ma\u00df\u00adgeb\u00adlich zum Zustan\u00adde\u00adkom\u00admen der \u00f6ku\u00adme\u00adni\u00adschen Frie\u00addens\u00adge\u00adbe\u00adte in K\u00f6nigs\u00adwal\u00adde bei, zu denen erst\u00admals am 1. Mai 1980 gela\u00adden wur\u00adde. Fort\u00adan stets an jenem \u201eKampf- und Fei\u00ader\u00adtag der Werk\u00adt\u00e4\u00adti\u00adgen\u201c, wie er von offi\u00adzi\u00adel\u00adler Stel\u00adle hie\u00df, sowie an einem Sonn\u00adtag um den 1. Sep\u00adtem\u00adber fan\u00adden sie in der K\u00f6nigs\u00adwal\u00adder Kir\u00adche&nbsp;statt.<\/p>\n<p><strong>Die Sehn\u00adsucht nach N\u00e4he in Abend\u00admahl und Eucha\u00adris\u00adtie war gro\u00df, die Pra\u00adxis umstritten<\/strong><\/p>\n<p>Seit\u00addem geh\u00f6r\u00adten dem \u201eVor\u00adbe\u00adrei\u00adtungs\u00adkreis\u201c, jenem Gre\u00admi\u00adum, das die Wochen\u00aden\u00adden jeweils inhalt\u00adlich und orga\u00adni\u00adsa\u00adto\u00adrisch kon\u00adzi\u00adpier\u00adte, auch Katho\u00adli\u00adken an.<a href=\"applewebdata:\/\/76F2EB03-0DC9-4136-8632-85C4A5FA622E#_ftn14\" name=\"_ftnref14\">[14]<\/a> Abge\u00adschlos\u00adsen wur\u00adde jedes Semi\u00adnar \u201emit einem \u00f6ku\u00adme\u00adni\u00adschen Got\u00adtes\u00addienst am Sonn\u00adtag\u00advor\u00admit\u00adtag, und es b\u00fcrgert[e] sich ein, hier abwech\u00adselnd je einen evan\u00adge\u00adli\u00adschen und einen katho\u00adli\u00adschen Geist\u00adli\u00adchen pre\u00addi\u00adgen zu las\u00adsen\u201c.<a href=\"applewebdata:\/\/76F2EB03-0DC9-4136-8632-85C4A5FA622E#_ftn15\" name=\"_ftnref15\">[15]<\/a> Die katho\u00adli\u00adsche Betei\u00adli\u00adgung zeig\u00adte sich nicht nur im Wech\u00adsel des Pries\u00adters in Lit\u00adur\u00adgie und Pre\u00addigt mit dem evan\u00adge\u00adli\u00adschen Amts\u00adbru\u00adder. \u201eSelbst f\u00fcr Abend\u00admahl und Eucha\u00adris\u00adtie wur\u00adde eine Form ent\u00adwi\u00adckelt, die zeit\u00adgleich unter einem gemein\u00adsa\u00admen Dach gefei\u00adert wer\u00adden konn\u00adte. Die Katho\u00adli\u00adken emp\u00adfin\u00adgen die Hos\u00adtie am Altar\u00adplatz, f\u00fcr die Pro\u00adtes\u00adtan\u00adten wur\u00adden Brot und Wein durch die Rei\u00adhen gereicht.\u201c<a href=\"applewebdata:\/\/76F2EB03-0DC9-4136-8632-85C4A5FA622E#_ftn16\" name=\"_ftnref16\">[16]<\/a> Das sorg\u00adte in der katho\u00adli\u00adschen Kir\u00adche auch f\u00fcr Kri\u00adtik. Kon\u00adrad Liebs\u00adter, von 1972 bis 1986 katho\u00adli\u00adscher Pfar\u00adrer in Wer\u00addau<a href=\"applewebdata:\/\/76F2EB03-0DC9-4136-8632-85C4A5FA622E#_ftn17\" name=\"_ftnref17\">[17]<\/a>, beschwer\u00adte sich \u00fcber die lit\u00adur\u00adgi\u00adsche Pra\u00adxis beim Bischof von Dres\u00adden-Mei\u00ad\u00dfen, Ger\u00adhard Schaf\u00adfran (1912 bis 1996). Infol\u00adge\u00addes\u00adsen muss\u00adte sie modi\u00adfi\u00adziert wer\u00adden (wozu sich&nbsp;laut Aus\u00adkunft von Lei\u00adte\u00adrin Bir\u00adgit Mitz\u00adscher\u00adlich vom 19. Juni 2020 \u201ekei\u00adne Nach\u00adwei\u00adse\u201c im Archiv der Di\u00f6\u00adze\u00adse Dres\u00adden-Mei\u00ad\u00dfen fin\u00adden). Die Katho\u00adli\u00adken zogen nun \u201enach der Pre\u00addigt zur Eucha\u00adris\u00adtie\u00adfei\u00ader aus der Kir\u00adche\u201c. Ange\u00adh\u00f6\u00adri\u00adge bei\u00adder Kon\u00adfes\u00adsio\u00adnen soli\u00adda\u00adri\u00adsier\u00adten sich dar\u00adauf\u00adhin und schlos\u00adsen sich der jeweils ande\u00adren Fei\u00ader an.<a href=\"applewebdata:\/\/76F2EB03-0DC9-4136-8632-85C4A5FA622E#_ftn18\" name=\"_ftnref18\">[18]<\/a> Das soll den Bischof gegen\u00ad\u00fcber Pfar\u00adrer Wen\u00adzel zum Ein\u00adlen\u00adken bewo\u00adgen haben.<a href=\"applewebdata:\/\/76F2EB03-0DC9-4136-8632-85C4A5FA622E#_ftn19\" name=\"_ftnref19\">[19]<\/a> \u201eAbend\u00admahl und Eucha\u00adris\u00adtie durf\u00adten seit Okto\u00adber 1981 wie\u00adder zeit\u00adgleich in der Kir\u00adche gefei\u00adert wer\u00adden.\u201c<a href=\"applewebdata:\/\/76F2EB03-0DC9-4136-8632-85C4A5FA622E#_ftn20\" name=\"_ftnref20\">[20]<\/a><\/p>\n<p>Nach Hans\u00adj\u00f6rg Wei\u00adgels Tod und dem Ent\u00adschluss sei\u00adner Mit\u00adstrei\u00adter, das Semi\u00adnar ein\u00adzu\u00adstel\u00adlen, ver\u00ad\u00f6f\u00adfent\u00adlich\u00adte der Vor\u00adbe\u00adrei\u00adtungs\u00adkreis eine Erkl\u00e4\u00adrung. \u201eDank\u00adbar\u201c, hie\u00df es dar\u00adin, \u201esind wir auch f\u00fcr die \u00f6ku\u00adme\u00adni\u00adschen Got\u00adtes\u00addiens\u00adte mit dem Aga\u00adpe\u00admahl, das uns kon\u00adfes\u00adsi\u00adons\u00ad\u00fcber\u00adgrei\u00adfend mit\u00adein\u00adan\u00adder ver\u00adbun\u00adden hat.\u201c<a href=\"applewebdata:\/\/76F2EB03-0DC9-4136-8632-85C4A5FA622E#_ftn21\" name=\"_ftnref21\">[21]<\/a><\/p>\n<p>Andre\u00adas Bay\u00ader aus Crim\u00admit\u00adschau war einer jener Katho\u00adli\u00adken, die das Frie\u00addens\u00adse\u00admi\u00adnar ma\u00df\u00adgeb\u00adlich gepr\u00e4gt hat; seit cir\u00adca 1979 nahm er teil: \u201eMein ers\u00adtes Semi\u00adnar war f\u00fcr mich ein ein\u00adschnei\u00adden\u00addes Erleb\u00adnis\u201c, so Bay\u00ader in der R\u00fcck\u00adschau. Er geh\u00f6rt zur Pfar\u00adrei St. Fran\u00adzis\u00adkus.<a href=\"applewebdata:\/\/76F2EB03-0DC9-4136-8632-85C4A5FA622E#_ftn22\" name=\"_ftnref22\">[22]<\/a> Die gemein\u00adsa\u00adme Fei\u00ader von \u201eAbend\u00admahl und Kom\u00admu\u00adni\u00adon\u201c war und blieb f\u00fcr ihn \u201eein wesent\u00adli\u00adcher Schritt nach vorn\u201c, schrieb der gelern\u00adte Tisch\u00adler auf Fra\u00adgen, die er mit sei\u00adner eben\u00adfalls katho\u00adli\u00adschen und jah\u00adre\u00adlang im Semi\u00adnar enga\u00adgier\u00adten Ehe\u00adfrau Ange\u00adla auf Bit\u00adten des Autors beant\u00adwor\u00adte\u00adte. Was ihn an K\u00f6nigs\u00adwal\u00adde fas\u00adzi\u00adnier\u00adte, war die \u201eArt, sich in einer Kir\u00adche zu begeg\u00adnen und vor allem Begeg\u00adnung wirk\u00adlich zu erle\u00adben und nicht nur als Ide\u00adal vor sich herzutragen\u201c.<\/p>\n<p>Das Ehe\u00adpaar nahm bis 1990 \u201esehr regel\u00adm\u00e4\u00ad\u00dfig\u201c an Semi\u00adna\u00adren teil, \u201esp\u00e4\u00adter \u2026 zeit\u00adbe\u00addingt sel\u00adte\u00adner\u201c, schrieb Ange\u00adla Bay\u00ader, die im Alter von cir\u00adca 14 Jah\u00adren um das Jahr 1980 dazu stie\u00df. Die gelern\u00adte Kran\u00adken\u00adschwes\u00adter<a href=\"applewebdata:\/\/76F2EB03-0DC9-4136-8632-85C4A5FA622E#_ftn23\" name=\"_ftnref23\">[23]<\/a> war dann bis cir\u00adca 1985 im Vor\u00adbe\u00adrei\u00adtungs\u00adkreis, ihr Ehe\u00admann eben\u00adfalls kurz\u00adzei\u00adtig. Die Anzahl der Katho\u00adli\u00adken, die zu den Semi\u00adna\u00adren kam, war zwar \u201eimmer sehr gering\u201c, Ange\u00adla Bay\u00ader nann\u00adte maxi\u00admal etwa 15 in den Jah\u00adren vor 1989\/90 \u2013 vor\u00adran\u00adgig Sch\u00fc\u00adler, Jugend\u00adli\u00adche, Aus\u00adzu\u00adbil\u00adden\u00adde.<a href=\"applewebdata:\/\/76F2EB03-0DC9-4136-8632-85C4A5FA622E#_ftn24\" name=\"_ftnref24\">[24]<\/a>&nbsp;Dass es nicht mehr waren, hing zwei\u00adfel\u00adlos mit der Dia\u00adspora\u00adsi\u00adtua\u00adti\u00adon der Katho\u00adli\u00adken in der Regi\u00adon zusam\u00admen, nach Mei\u00adnung der bei\u00adden Crim\u00admit\u00adschau\u00ader aber auch damit, dass vie\u00adle ihrer Kon\u00adfes\u00adsi\u00adons\u00adge\u00adschwis\u00adter in der DDR eine eher unpo\u00adli\u00adti\u00adsche Ein\u00adstel\u00adlung an den Tag leg\u00adten. Ihre katho\u00adli\u00adsche Pfar\u00adrei beschrie\u00adben sie durch \u201eArbei\u00adter, Umsied\u00adler und kaum durch Intel\u00adlek\u00adtu\u00adel\u00adle gepr\u00e4gt\u201c, doch mit lan\u00adge vor\u00adhan\u00adde\u00adner \u201ebesondere[r] \u00f6kumenische[r] Ausrichtung\u201c.<\/p>\n<p><strong>Kreuz\u00adweg, Impuls\u00adre\u00adfe\u00adra\u00adte, Bild\u00adhaue\u00adrei, Gesang<\/strong><\/p>\n<p>Der katho\u00adli\u00adsche Bei\u00adtrag beschr\u00e4nk\u00adte sich dabei nicht auf die Mit\u00adge\u00adstal\u00adtung \u00f6ku\u00adme\u00adni\u00adscher Got\u00adtes\u00addiens\u00adte und Frie\u00addens\u00adge\u00adbe\u00adte, auch wenn sie von zen\u00adtra\u00adler Bedeu\u00adtung waren. Bei den Fr\u00fch\u00adlings\u00adse\u00admi\u00adna\u00adren 1981 und 1985 hielt mit dem geb\u00fcr\u00adti\u00adgen Mag\u00adde\u00adbur\u00adger Joa\u00adchim Garstecki zwei\u00admal ein Katho\u00adlik das Ein\u00adf\u00fch\u00adrungs\u00adre\u00adfe\u00adrat. Garstecki hat\u00adte 1960 bis 1965 in Erfurt katho\u00adli\u00adsche Theo\u00adlo\u00adgie stu\u00addiert. Ab 1971 wirk\u00adte er als katho\u00adli\u00adscher \u201eGast\u00adar\u00adbei\u00adter\u201c und Stu\u00addi\u00aden\u00adre\u00adfe\u00adrent f\u00fcr Frie\u00addens\u00adfra\u00adgen im Sekre\u00adta\u00adri\u00adat des Bun\u00addes der Evan\u00adge\u00adli\u00adschen Kir\u00adchen in Ost-Ber\u00adlin.<a href=\"applewebdata:\/\/76F2EB03-0DC9-4136-8632-85C4A5FA622E#_ftn25\" name=\"_ftnref25\">[25]<\/a> Garstecki sprach 1981 \u00fcber \u201eErzie\u00adhung zum Frie\u00adden\u201c und mach\u00adte dazu f\u00fcnf Vor\u00adschl\u00e4\u00adge: von der Nega\u00adti\u00adon zur Posi\u00adti\u00adon gelan\u00adgen; eine Spra\u00adche des Frie\u00addens w\u00e4h\u00adlen; Raum\u00adlas\u00adsen f\u00fcr Alter\u00adna\u00adti\u00adven in Den\u00adken, Urtei\u00adlen, Han\u00addeln; die gesell\u00adschaft\u00adli\u00adche Umge\u00adbung beein\u00adflus\u00adsen; Sicher\u00adheit nicht gegen Ande\u00adre, son\u00addern mit ihnen \u2013 nichts davon hat an Rele\u00advanz ver\u00adlo\u00adren. 1985 refe\u00adrier\u00adte er \u00fcber \u201eGewalt\u00adfrei\u00adheit im Frie\u00addens\u00addienst\u201c. Dabei ging er von der Pr\u00e4\u00admis\u00adse aus, dass Frie\u00adden nicht mit Gewalt zu errei\u00adchen sei, Sicher\u00adheit also nicht \u201eerr\u00fcs\u00adtet wer\u00adden kann\u201c.<a href=\"applewebdata:\/\/76F2EB03-0DC9-4136-8632-85C4A5FA622E#_ftn26\" name=\"_ftnref26\">[26]<\/a><\/p>\n<p>Seit 1987 lud das Semi\u00adnar wie\u00adder\u00adholt \u2013 und zus\u00e4tz\u00adlich zu den bei\u00adden j\u00e4hr\u00adli\u00adchen Wochen\u00aden\u00adden \u2013 zu Klei\u00adnen Kon\u00adzi\u00adli\u00aden ein. Vom 6. bis 9. April 1989 fand die drit\u00adte der\u00adar\u00adti\u00adge Zusam\u00admen\u00adkunft statt \u2013 mit meh\u00adre\u00adren Dut\u00adzend Teil\u00adneh\u00admern, die aus der DDR, der Bun\u00addes\u00adre\u00adpu\u00adblik, Polen, der Tsche\u00adcho\u00adslo\u00adwa\u00adkei, aber auch aus dem nicht\u00adso\u00adzia\u00adlis\u00adti\u00adschen Aus\u00adland stamm\u00adten. Dabei wur\u00adde zu einem \u201eGespr\u00e4chs\u00adweg\u201c gela\u00adden, der an einen katho\u00adli\u00adschen Kreuz\u00adweg erin\u00adner\u00adte und bei dem unter hohem per\u00ads\u00f6n\u00adli\u00adchen Risi\u00adko f\u00fcr die von der Sta\u00adsi \u00fcber\u00adwach\u00adten Teil\u00adneh\u00admer, bei Gebet und mit Kurz\u00adin\u00adfor\u00adma\u00adtio\u00adnen, neur\u00adal\u00adgi\u00adsche Punk\u00adte in der Umge\u00adbung abge\u00adschrit\u00adten wur\u00adden: dar\u00adun\u00adter der GST-\u00dcbungs\u00adplatz, Schie\u00df\u00adst\u00e4n\u00adde der Volks\u00adpo\u00adli\u00adzei, ein \u00dcbungs\u00adplatz der Natio\u00adna\u00adlen Volks\u00adar\u00admee, Absetz\u00adtei\u00adche der Wis\u00admut-Uran\u00adw\u00e4\u00adsche, eine M\u00fcll\u00adde\u00adpo\u00adnie, ein \u201eFremdarbeiter\u201c-Grab, ein Denk\u00admal f\u00fcr Welt\u00adkriegs\u00adto\u00adte. Die \u00f6ku\u00adme\u00adni\u00adschen Andach\u00adten w\u00e4h\u00adrend des kon\u00adzi\u00adlia\u00adren Tref\u00adfens \u201ewur\u00adden durch pol\u00adnisch-katho\u00adli\u00adsche und rus\u00adsisch-ortho\u00addo\u00adxe Ele\u00admen\u00adte mit\u00adge\u00adpr\u00e4gt\u201c<a href=\"applewebdata:\/\/76F2EB03-0DC9-4136-8632-85C4A5FA622E#_ftn27\" name=\"_ftnref27\">[27]<\/a>.<\/p>\n<p>Katho\u00adli\u00adken leis\u00adte\u00adten zudem k\u00fcnst\u00adle\u00adri\u00adsche Bei\u00adtr\u00e4\u00adge: So stell\u00adte beim Herbst\u00adse\u00admi\u00adnar 1983 die mit dem 1977 nach Regime\u00adkri\u00adtik aus der DDR aus\u00adge\u00adb\u00fcr\u00adger\u00adten Schrift\u00adstel\u00adler Rei\u00adner Kun\u00adze befreun\u00adde\u00adte Grei\u00adze\u00adrin Elly-Vio\u00adla Nahm\u00adma\u00adcher (1913 bis 2000) Holz\u00adplas\u00adti\u00adken in der Kir\u00adche aus. Wer\u00adke von ihrer Hand sind in zahl\u00adrei\u00adchen Got\u00adtes\u00adh\u00e4u\u00adsern \u00fcber Sach\u00adsen und Th\u00fc\u00adrin\u00adgen hin\u00adaus ver\u00adtre\u00adten, etwa in der katho\u00adli\u00adschen St.-Bonifatius-Kirche zu Wer\u00addau. Zwei Jah\u00adre nach ihr kam der Dres\u00adde\u00adner Bild\u00adhau\u00ader Fried\u00adrich Press (1904 bis 1990) mit einer Aus\u00adwahl Plas\u00adti\u00adken nach K\u00f6nigswalde.<\/p>\n<p>Auch wenn nun, nach 47 Jah\u00adren und 93 Ver\u00adan\u00adstal\u00adtun\u00adgen, nach Hans\u00adj\u00f6rg Wei\u00adgels Tod das Semi\u00adnar nicht fort\u00adge\u00adf\u00fchrt<a href=\"applewebdata:\/\/76F2EB03-0DC9-4136-8632-85C4A5FA622E#_ftn28\" name=\"_ftnref28\">[28]<\/a> wird, bleibt Teil\u00adneh\u00admern auch die Erin\u00adne\u00adrung an das Jahr 1989. Beim Herbst\u00adse\u00admi\u00adnar mit dem Mot\u00adto \u201e40 Jah\u00adre DDR \u2013 was war, was ist, was wird?\u201c \u00fcber\u00adstie\u00adgen die mehr als 600 Teil\u00adneh\u00admer alle orga\u00adni\u00adsa\u00adto\u00adri\u00adschen M\u00f6g\u00adlich\u00adkei\u00adten. Die Tagung wur\u00adde flan\u00adkiert von Berich\u00adten \u00fcber die dama\u00adli\u00adgen Demons\u00adtra\u00adtio\u00adnen in Dres\u00adden, Karl-Marx-Stadt und Plau\u00aden, \u00fcber die Gr\u00fcn\u00addungs\u00adver\u00adsamm\u00adlung der DDR-Sozi\u00adal\u00adde\u00admo\u00adkra\u00adtie und das Neue Forum, des\u00adsen Mit\u00adgr\u00fcn\u00adder Mar\u00adtin B\u00f6tt\u00adger anwe\u00adsend war \u2013 wie auch der sp\u00e4\u00adte\u00adre luthe\u00adri\u00adsche Lan\u00addes\u00adbi\u00adschof Vol\u00adker Kre\u00df. \u201eAbends san\u00adgen die Dresd\u00adner Kapell\u00adkna\u00adben\u201c<a href=\"applewebdata:\/\/76F2EB03-0DC9-4136-8632-85C4A5FA622E#_ftn29\" name=\"_ftnref29\">[29]<\/a>, Ange\u00adh\u00f6\u00adri\u00adge des katho\u00adli\u00adschen Kathe\u00addral\u00adchors. \u201eDie Bri\u00adsanz vor dem Mau\u00ader\u00adfall war deut\u00adlich zu sp\u00fc\u00adren, auch in K\u00f6nigs\u00adwal\u00adde war die Stim\u00admung auf\u00adge\u00adla\u00adden, die Dis\u00adkus\u00adsio\u00adnen wur\u00adden noch offe\u00adner gef\u00fchrt\u201c, schrieb Ange\u00adla Bay\u00ader. Irri\u00adtie\u00adrend sei f\u00fcr sie die Teil\u00adnah\u00adme von Leu\u00adten gewe\u00adsen, \u201edie auf den \u201aWen\u00adde\u00adzug\u2018 auf\u00adge\u00adsprun\u00adgen sind und sich dort als poli\u00adti\u00adsche Akti\u00advis\u00adten pro\u00adfi\u00adlie\u00adren woll\u00adten. Aber das war in die\u00adser Zeit ja an vie\u00adlen Orten der&nbsp;Fall.\u201c<\/p>\n<p><strong>Das Ver\u00adm\u00e4cht\u00adnis<\/strong><\/p>\n<p>Was bleibt f\u00fcr katho\u00adli\u00adsche Prot\u00adago\u00adnis\u00adten von K\u00f6nigs\u00adwal\u00adde? \u201eDas Frie\u00addens\u00adse\u00admi\u00adnar bezeich\u00adne ich als mei\u00adne Lebens\u00adschu\u00adle: poli\u00adtisch, fried\u00adlich, fromm\u201c, so Ange\u00adla Bay\u00ader. F\u00fcr ihren Mann blei\u00adben \u201edie Freu\u00adde am For\u00admu\u00adlie\u00adren der eige\u00adnen Mei\u00adnun\u00adgen und Gedan\u00adken; der Mut, vor gro\u00ad\u00dfer Run\u00adde zu spre\u00adchen; die Bereit\u00adschaft quer\u00adzu\u00adden\u00adken; der Reiz der Sub\u00adver\u00adsi\u00adon; eine christ\u00adli\u00adche Gemein\u00adschaft, die ganz nahe am Leben ist, und die F\u00e4hig\u00adkeit, ande\u00adre Mei\u00adnun\u00adgen aus\u00adzu\u00adhal\u00adten\u201c. Hans\u00adj\u00f6rg Weigel hat\u00adte dar\u00adauf hin\u00adge\u00adwie\u00adsen, dass Demo\u00adkra\u00adtie Arbeit macht, Ver\u00adant\u00adwor\u00adtung erfor\u00addert. Schon am 3. Novem\u00adber 1989 hat\u00adte er beim ers\u00adten Frie\u00addens\u00adge\u00adbet in Wer\u00addau gesagt: \u201eAuch der poli\u00adti\u00adsche Geg\u00adner ist zu ach\u00adten, er ist ein Mensch, der poli\u00adti\u00adsche Ver\u00adant\u00adwor\u00adtung mit\u00adzu\u00adtra\u00adgen bereit ist.\u201c Aber auch fest\u00adge\u00adhal\u00adten: \u201eBei\u00adfall blieb aus.\u201c<a href=\"applewebdata:\/\/76F2EB03-0DC9-4136-8632-85C4A5FA622E#_ftn30\" name=\"_ftnref30\">[30]<\/a> Doch \u201eSemi\u00adnar\u201c sei \u201ePflanz\u00adschu\u00adle\u201c. In K\u00f6nigs\u00adwal\u00adde wur\u00adde Samen aus\u00adge\u00adstreut und in den Boden gebracht, unter katho\u00adli\u00adscher Betei\u00adli\u00adgung und mit Havels Hoff\u00adnung.<a href=\"applewebdata:\/\/76F2EB03-0DC9-4136-8632-85C4A5FA622E#_ftn31\" name=\"_ftnref31\">[31]<\/a><\/p>\n<p><strong>Der Text ist auch in den \u201eS\u00e4ch\u00adsi\u00adschen Hei\u00admat\u00adbl\u00e4t\u00adtern\u201c, 66. Jahr\u00adgang, Heft 4 (2020), S. 423\u2013427, erschienen.<\/strong><\/p>\n<p>Fu\u00df\u00adno\u00adten<\/p>\n<p><a href=\"applewebdata:\/\/76F2EB03-0DC9-4136-8632-85C4A5FA622E#_ftnref1\" name=\"_ftn1\">[1]<\/a> Zitiert nach: Klu\u00adge, Mat\u00adthi\u00adas: \u201eBlei\u00adbe im Lan\u00adde und weh\u00adre dich t\u00e4g\u00adlich\u201c, in: Jes\u00adse, Eck\u00adhard (Hrsg.): Fried\u00adli\u00adche Revo\u00adlu\u00adti\u00adon und deut\u00adsche Ein\u00adheit. S\u00e4ch\u00adsi\u00adsche B\u00fcr\u00adger\u00adrecht\u00adler zie\u00adhen Bilanz, Ber\u00adlin 2006, S. 62\u201374, hier: S.&nbsp;68.<\/p>\n<p><a href=\"applewebdata:\/\/76F2EB03-0DC9-4136-8632-85C4A5FA622E#_ftnref2\" name=\"_ftn2\">[2]<\/a> Auf der Inter\u00adnet\u00adsei\u00adte des Frie\u00addens\u00adse\u00admi\u00adnars ist von 26 Teil\u00adneh\u00admern die Rede: <a href=\"http:\/\/www.friedensseminar.de\/index.php?nr=3&amp;goto=Vorstellung.htm\">http:\/\/www.friedensseminar.de\/index.php?nr=3&amp;goto=Vorstellung.htm<\/a>, Abruf am 25.9.2020. \u201e\u2026 vor\u00adaus\u00adge\u00adgan\u00adgen sind vie\u00adle Aben\u00adde in der Jun\u00adgen Gemein\u00adde und inten\u00adsi\u00adve Wochen\u00aden\u00adden im nahe\u00adge\u00adle\u00adge\u00adnen R\u00fcst\u00adzei\u00adten\u00adheim, die sich immer wie\u00adder mit Pro\u00adble\u00admen des Wehr\u00addiens\u00adtes, der Wehr\u00addienst\u00adver\u00adwei\u00adge\u00adrung, christ\u00adli\u00adcher Frie\u00addens\u00adar\u00adbeit und des gesell\u00adschaft\u00adli\u00adchen Enga\u00adge\u00adments besch\u00e4f\u00adtig\u00adten, solan\u00adge bis eben dar\u00adaus der Wunsch ent\u00adstand, dies in semi\u00adna\u00adris\u00adti\u00adscher Arbeit und mit Hil\u00adfe von qua\u00adli\u00adfi\u00adzier\u00adten Refe\u00adren\u00adten fort\u00adzu\u00adf\u00fch\u00adren \u2026 unter dem Dach der Kir\u00adche und im Schutz des dama\u00adli\u00adgen Gemein\u00adde\u00adpfar\u00adrers Klaus Albers.\u201c Ebenda.<\/p>\n<p><a href=\"applewebdata:\/\/76F2EB03-0DC9-4136-8632-85C4A5FA622E#_ftnref3\" name=\"_ftn3\">[3]<\/a> Jes\u00adse, Eck\u00adhard: Hans\u00adj\u00f6rg Weigel, in ders. (Hrsg.): Fried\u00adli\u00adche Revo\u00adlu\u00adti\u00adon und deut\u00adsche Ein\u00adheit. S\u00e4ch\u00adsi\u00adsche B\u00fcr\u00adger\u00adrecht\u00adler zie\u00adhen Bilanz, Ber\u00adlin 2006, S. 261\u2013262, hier: S 261. Ver\u00adur\u00adteilt wor\u00adden war er zun\u00e4chst zu 18 Mona\u00adten Frei\u00adheits\u00adent\u00adzug ohne Bew\u00e4h\u00adrung \u2013 wie vor\u00adher von MfS-Chef Erich Miel\u00adke fest\u00adge\u00adlegt. Auf \u00f6ffent\u00adli\u00adchen Druck hin, der evan\u00adge\u00adli\u00adschen Kir\u00adche und auch aus West\u00addeutsch\u00adland, wur\u00adde die Stra\u00adfe sp\u00e4\u00adter zu zwei Jah\u00adren auf Bew\u00e4h\u00adrung aus\u00adge\u00adsetzt und Weigel im August 1980 ent\u00adlas\u00adsen. Vgl. Mar\u00adtin-Luther-King-Zen\u00adtrum f\u00fcr Gewalt\u00adfrei\u00adheit und Zivil\u00adcou\u00adra\u00adge (Hrsg.): Raum f\u00fcr G\u00fcte und Gewis\u00adsen. Das christ\u00adli\u00adche Frie\u00addens\u00adse\u00admi\u00adnar K\u00f6nigs\u00adwal\u00adde im dama\u00adli\u00adgen Bezirk Karl-Marx-Stadt\u00ad\/D\u00adDR 1973\u20131990. Berich\u00adte, Bild- und Ton\u00addo\u00adku\u00admen\u00adte, Wer\u00addau 2004, S.&nbsp;76.<\/p>\n<p><a href=\"applewebdata:\/\/76F2EB03-0DC9-4136-8632-85C4A5FA622E#_ftnref4\" name=\"_ftn4\">[4]<\/a> Vgl. zu sei\u00adnem Wer\u00adde\u00adgang: Weigel, Hans\u00adj\u00f6rg: \u201eMan wan\u00addelt nur das, was man annimmt\u201c, in: Jes\u00adse, Eck\u00adhard (Hrsg.): Fried\u00adli\u00adche Revo\u00adlu\u00adti\u00adon und deut\u00adsche Ein\u00adheit. S\u00e4ch\u00adsi\u00adsche B\u00fcr\u00adger\u00adrecht\u00adler zie\u00adhen Bilanz, Ber\u00adlin 2006, S. 156\u2013167, hier: S. 156\u2013158. Die Gr\u00fcn\u00adde f\u00fcr sei\u00adnen Ein\u00adstel\u00adlungs\u00adwan\u00addel gegen\u00ad\u00fcber dem SED-Staat k\u00f6n\u00adnen hier nicht wie\u00adder\u00adge\u00adge\u00adben wer\u00adden. An ande\u00adrer Stel\u00adle ist dies bereits wie\u00adder\u00adholt dar\u00adge\u00adlegt wor\u00adden. Vgl. statt vie\u00adler: Klu\u00adge, Mat\u00adthi\u00adas: Das Christ\u00adli\u00adche Frie\u00addens\u00adse\u00admi\u00adnar K\u00f6nigs\u00adwal\u00adde bei Wer\u00addau. Ein Bei\u00adtrag zu den Urspr\u00fcn\u00adgen der ost\u00addeut\u00adschen Frie\u00addens\u00adbe\u00adwe\u00adgung in Sach\u00adsen, Leip\u00adzig&nbsp;2004.<\/p>\n<p><a href=\"applewebdata:\/\/76F2EB03-0DC9-4136-8632-85C4A5FA622E#_ftnref5\" name=\"_ftn5\">[5]<\/a> Freie Pres\u00adse (Lokal\u00adteil Wer\u00addau) vom 4. Mai 2020, <a href=\"https:\/\/www.freiepresse.de\/zwickau\/werdau\/hansjoerg-weigel-verstorben-artikel10785757\">https:\/\/www.freiepresse.de\/zwickau\/werdau\/hansjoerg-weigel-verstorben-artikel10785757<\/a>, Abruf am 11.9.2020.<\/p>\n<p><a href=\"applewebdata:\/\/76F2EB03-0DC9-4136-8632-85C4A5FA622E#_ftnref6\" name=\"_ftn6\">[6]<\/a> Weigel, Hans\u00adj\u00f6rg: \u201eMan wan\u00addelt nur das, was man annimmt\u201c, in: Jes\u00adse, Eck\u00adhard (Hrsg.): Fried\u00adli\u00adche Revo\u00adlu\u00adti\u00adon und deut\u00adsche Ein\u00adheit. S\u00e4ch\u00adsi\u00adsche B\u00fcr\u00adger\u00adrecht\u00adler zie\u00adhen Bilanz, Ber\u00adlin 2006, S. 158\u2013159. Laut einer Stel\u00adlung\u00adnah\u00adme des Vor\u00adbe\u00adrei\u00adtungs\u00adkrei\u00adses des Frie\u00addens\u00adse\u00admi\u00adnars vom 29. August 2020 soll an den Frie\u00addens\u00adge\u00adbe\u00adten fest\u00adge\u00adhal\u00adten wer\u00adden; vgl. <a href=\"http:\/\/www.friedensseminar.de\/download\/Wort%20des%20Vorbereitungskreises.pdf\">http:\/\/www.friedensseminar.de\/download\/Wort%20des%20Vorbereitungskreises.pdf<\/a>, Abruf am 25.9.2020.<\/p>\n<p><a href=\"applewebdata:\/\/76F2EB03-0DC9-4136-8632-85C4A5FA622E#_ftnref7\" name=\"_ftn7\">[7]<\/a> Vgl. Mar\u00adtin-Luther-King-Zen\u00adtrum f\u00fcr Gewalt\u00adfrei\u00adheit und Zivil\u00adcou\u00adra\u00adge (Hrsg.): Raum f\u00fcr G\u00fcte und Gewis\u00adsen. Das christ\u00adli\u00adche Frie\u00addens\u00adse\u00admi\u00adnar K\u00f6nigs\u00adwal\u00adde im dama\u00adli\u00adgen Bezirk Karl-Marx-Stadt\u00ad\/D\u00adDR 1973\u20131990. Berich\u00adte, Bild- und Ton\u00addo\u00adku\u00admen\u00adte, Wer\u00addau 2004, S.&nbsp;102.<\/p>\n<p><a href=\"applewebdata:\/\/76F2EB03-0DC9-4136-8632-85C4A5FA622E#_ftnref8\" name=\"_ftn8\">[8]<\/a> Wie Link in Anm.&nbsp;2.<\/p>\n<p><a href=\"applewebdata:\/\/76F2EB03-0DC9-4136-8632-85C4A5FA622E#_ftnref9\" name=\"_ftn9\">[9]<\/a> Vgl. Klu\u00adge, Mat\u00adthi\u00adas: Die Blu\u00adme aus dem Stahl\u00adhelm. Das Frie\u00addens\u00adse\u00admi\u00adnar K\u00f6nigs\u00adwal\u00adde als Kris\u00adtal\u00adli\u00adsa\u00adti\u00adons\u00adpunkt einer alter\u00adna\u00adti\u00adven Gegen\u00ad\u00f6f\u00adfent\u00adlich\u00adkeit in der DDR, Dres\u00adden 2017, S.&nbsp;58.<\/p>\n<p><a href=\"applewebdata:\/\/76F2EB03-0DC9-4136-8632-85C4A5FA622E#_ftnref10\" name=\"_ftn10\">[10]<\/a> Nach Aus\u00adkunft von Pfar\u00adrer Wer\u00adner Klo\u00adse (gebo\u00adren 1940), von 1988 bis 2011 Pfar\u00adrer von St. Boni\u00adfa\u00adti\u00adus zu Wer\u00addau, Tele\u00adfo\u00adnat vom 28.8.2020.<\/p>\n<p><a href=\"applewebdata:\/\/76F2EB03-0DC9-4136-8632-85C4A5FA622E#_ftnref11\" name=\"_ftn11\">[11]<\/a> Vgl. den Nach\u00adruf auf <a href=\"http:\/\/www.hl-geist-werdau-crimmitschau.de\/pfarreien-aktuell\/aktuelle-informationen\/a2005\/pfarrer-wenzel-verstorben.htm\">http:\/\/www.hl-geist-werdau-crimmitschau.de\/pfarreien-aktuell\/aktuelle-informationen\/a2005\/pfarrer-wenzel-verstorben.htm<\/a>l, Abruf am 25.9.2020.<\/p>\n<p><a href=\"applewebdata:\/\/76F2EB03-0DC9-4136-8632-85C4A5FA622E#_ftnref12\" name=\"_ftn12\">[12]<\/a> Vgl. den Nach\u00adruf auf <a href=\"http:\/\/www.hl-geist-werdau-crimmitschau.de\/pfarreien-aktuell\/aktuelle-informationen\/a2019\/pfarrer-i-r-michael-wyppler-verstorben.html\">http:\/\/www.hl-geist-werdau-crimmitschau.de\/pfarreien-aktuell\/aktuelle-informationen\/a2019\/pfarrer-i-r-michael-wyppler-verstorben.html<\/a>, Abruf am 25.9.2020.<\/p>\n<p><a href=\"applewebdata:\/\/76F2EB03-0DC9-4136-8632-85C4A5FA622E#_ftnref13\" name=\"_ftn13\">[13]<\/a> Nach Aus\u00adkunft von Andre\u00adas Bay\u00ader, der nach eige\u00adnen Anga\u00adben als Jugend\u00adli\u00adcher durch Kaplan Wypp\u00adler auf das Frie\u00addens\u00adse\u00admi\u00adnar auf\u00admerk\u00adsam gemacht wor\u00adden&nbsp;ist.<\/p>\n<p><a href=\"applewebdata:\/\/76F2EB03-0DC9-4136-8632-85C4A5FA622E#_ftnref14\" name=\"_ftn14\">[14]<\/a> Vgl. Mar\u00adtin-Luther-King-Zen\u00adtrum f\u00fcr Gewalt\u00adfrei\u00adheit und Zivil\u00adcou\u00adra\u00adge (Hrsg.): Raum f\u00fcr G\u00fcte und Gewis\u00adsen. Das christ\u00adli\u00adche Frie\u00addens\u00adse\u00admi\u00adnar K\u00f6nigs\u00adwal\u00adde im dama\u00adli\u00adgen Bezirk Karl-Marx-Stadt\u00ad\/D\u00adDR 1973\u20131990. Berich\u00adte, Bild- und Ton\u00addo\u00adku\u00admen\u00adte, Wer\u00addau 2004, S.&nbsp;70.<\/p>\n<p><a href=\"applewebdata:\/\/76F2EB03-0DC9-4136-8632-85C4A5FA622E#_ftnref15\" name=\"_ftn15\">[15]<\/a> Wie Anm.&nbsp;7.<\/p>\n<p><a href=\"applewebdata:\/\/76F2EB03-0DC9-4136-8632-85C4A5FA622E#_ftnref16\" name=\"_ftn16\">[16]<\/a> Wie Anm.&nbsp;14.<\/p>\n<p><a href=\"applewebdata:\/\/76F2EB03-0DC9-4136-8632-85C4A5FA622E#_ftnref17\" name=\"_ftn17\">[17]<\/a> Vgl. <a href=\"http:\/\/www.hl-geist-werdau-crimmitschau.de\/gemeinde-st-bonifatius-werdau\/geschichte\/priestergalerie.html\">http:\/\/www.hl-geist-werdau-crimmitschau.de\/gemeinde-st-bonifatius-werdau\/geschichte\/priestergalerie.html<\/a>, Abruf am 26.9.2020.<\/p>\n<p><a href=\"applewebdata:\/\/76F2EB03-0DC9-4136-8632-85C4A5FA622E#_ftnref18\" name=\"_ftn18\">[18]<\/a> Ange\u00adla Bay\u00ader berich\u00adte\u00adte: Mit Horst Hoff\u00admann (gestor\u00adben 1990), katho\u00adli\u00adscher Dekan und Pfar\u00adrer von St. Johann Nepo\u00admuk (Zwi\u00adckau), \u201ewar ein Tref\u00adfen mit dem Vor\u00adbe\u00adrei\u00adtungs\u00adkreis geplant, um die Situa\u00adti\u00adon zu kl\u00e4\u00adren. Die\u00adser Ter\u00admin wur\u00adde wegen Krank\u00adheit des Dekans sehr kurz\u00adfris\u00adtig abge\u00adsagt. F\u00fcr uns katho\u00adli\u00adsche Mit\u00adglie\u00adder des Vor\u00adbe\u00adrei\u00adtungs\u00adkrei\u00adses war das ein schwe\u00adrer Schlag. Wir waren damals sehr jung \u2013 zwei M\u00e4d\u00adchen von cir\u00adca 15 und 16 Jah\u00adren, viel\u00adleicht ein wenig \u00e4lter \u2013 und daher ein St\u00fcck weit unbe\u00adfan\u00adgen. Wir fuh\u00adren sofort \u2026 mit dem Moped nach Zwi\u00adckau, um Dekan Hoff\u00admann \u201azur Rede zu stel\u00adlen\u2018, war\u00adum er das Tref\u00adfen abge\u00adsagt hat\u00adte. \u2026 Wir tra\u00adten [gegen\u00ad\u00fcber der Haus\u00adh\u00e4l\u00adte\u00adrin] vehe\u00adment auf \u2026 Dar\u00adauf\u00adhin kam Dekan Hoff\u00admann, stark erk\u00e4l\u00adtet und wahr\u00adschein\u00adlich fie\u00adbernd, an die T\u00fcr. \u2026 Aller\u00addings muss\u00adten wir ein\u00adse\u00adhen, dass er wirk\u00adlich krank war. \u2026&nbsp; Wenn ich mich nicht t\u00e4u\u00adsche, kam das Tref\u00adfen sp\u00e4\u00adter nicht mehr zustan\u00adde. \u2026 Es wur\u00adde den katho\u00adli\u00adschen Pries\u00adtern unter\u00adsagt, die\u00adse Form des gemein\u00adschaft\u00adli\u00adchen Mahl\u00adhal\u00adtens wei\u00adter\u00adzu\u00adf\u00fch\u00adren. Das war ein sehr her\u00adber Schlag f\u00fcr den Vor\u00adbe\u00adrei\u00adtungs\u00adkreis und vie\u00adle der Teil\u00adneh\u00admer. \u2026 F\u00fcr gro\u00ad\u00dfe Tei\u00adle der [katho\u00adli\u00adschen] Crim\u00admit\u00adschau\u00ader Gemein\u00adde hat\u00adte das Ver\u00adbot kei\u00adne nega\u00adti\u00adve Bedeu\u00adtung.\u201c Alle direk\u00adten und indi\u00adrek\u00adten Zita\u00adte von Ange\u00adla und Andre\u00adas Bay\u00ader im Text stam\u00admen aus einer acht\u00adein\u00adhalb\u00adsei\u00adti\u00adgen Stel\u00adlung\u00adnah\u00adme zu 19 Fra\u00adgen des Autors, der f\u00fcr die umfang\u00adrei\u00adche Aus\u00adkunft&nbsp;dankt.<\/p>\n<p><a href=\"applewebdata:\/\/76F2EB03-0DC9-4136-8632-85C4A5FA622E#_ftnref19\" name=\"_ftn19\">[19]<\/a> Wie die\u00adses Ein\u00adlen\u00adken aus\u00adge\u00adse\u00adhen hat, ist aus ers\u00adter Hand nicht \u00fcber\u00adlie\u00adfert. Micha\u00adel Gehr\u00adke, von 2003 bis 2015 katho\u00adli\u00adscher Pfar\u00adrer in Crim\u00admit\u00adschau und eben\u00adfalls im Frie\u00addens\u00adse\u00admi\u00adnar enga\u00adgiert, berich\u00adtet in einem Gespr\u00e4ch mit dem Autor vom 13. Mai 2020 \u00fcber eine fr\u00fc\u00adhe\u00adre Unter\u00adre\u00addung mit Joa\u00adchim Wen\u00adzel. Die\u00adser habe ihm sei\u00adner\u00adzeit mit\u00adge\u00adteilt, Bischof Schaf\u00adfran woll\u00adte Wen\u00adzel in einem Tele\u00adfo\u00adnat \u00fcber\u00adzeu\u00adgen, k\u00fcnf\u00adtig von der kri\u00adti\u00adsier\u00adten lit\u00adur\u00adgi\u00adschen Pra\u00adxis in K\u00f6nigs\u00adwal\u00adde abzu\u00adse\u00adhen. Wen\u00adzel habe das abge\u00adlehnt. Dar\u00adauf\u00adhin soll Schaf\u00adfran ver\u00ad\u00e4r\u00adgert das Tele\u00adfo\u00adnat been\u00addet haben, ohne dass es zu Kon\u00adse\u00adquen\u00adzen&nbsp;kam.<\/p>\n<p><a href=\"applewebdata:\/\/76F2EB03-0DC9-4136-8632-85C4A5FA622E#_ftnref20\" name=\"_ftn20\">[20]<\/a> Wie Anm.&nbsp;14.<\/p>\n<p><a href=\"applewebdata:\/\/76F2EB03-0DC9-4136-8632-85C4A5FA622E#_ftnref21\" name=\"_ftn21\">[21]<\/a> <a href=\"http:\/\/www.friedensseminar.de\/download\/Wort%20des%20Vorbereitungskreises.pdf\">http:\/\/www.friedensseminar.de\/download\/Wort%20des%20Vorbereitungskreises.pdf<\/a>, Abruf am 25.9.2020.<\/p>\n<p><a href=\"applewebdata:\/\/76F2EB03-0DC9-4136-8632-85C4A5FA622E#_ftnref22\" name=\"_ftn22\">[22]<\/a> K\u00fcrz\u00adlich wur\u00adde die\u00adse mit neun wei\u00adte\u00adren s\u00fcd\u00adwest\u00ads\u00e4ch\u00adsi\u00adschen Pfar\u00adrei\u00aden zur Pfar\u00adrei Hei\u00adli\u00adge Fami\u00adlie zusam\u00admen\u00adge\u00adlegt. Vgl. <a href=\"https:\/\/www.freiepresse.de\/zwickau\/zwickau\/westsachsens-katholiken-gruenden-neue-grosspfarrei-artikel11111969\">https:\/\/www.freiepresse.de\/zwickau\/zwickau\/westsachsens-katholiken-gruenden-neue-grosspfarrei-artikel11111969<\/a>, Abruf am 26.9.2020.<\/p>\n<p><a href=\"applewebdata:\/\/76F2EB03-0DC9-4136-8632-85C4A5FA622E#_ftnref23\" name=\"_ftn23\">[23]<\/a> Vgl. zu den Berufs\u00adan\u00adga\u00adben des Ehe\u00adpaars: Mar\u00adtin-Luther-King-Zen\u00adtrum f\u00fcr Gewalt\u00adfrei\u00adheit und Zivil\u00adcou\u00adra\u00adge (Hrsg.): Raum f\u00fcr G\u00fcte und Gewis\u00adsen. Das christ\u00adli\u00adche Frie\u00addens\u00adse\u00admi\u00adnar K\u00f6nigs\u00adwal\u00adde im dama\u00adli\u00adgen Bezirk Karl-Marx-Stadt\u00ad\/D\u00adDR 1973\u20131990. Berich\u00adte, Bild- und Ton\u00addo\u00adku\u00admen\u00adte, Wer\u00addau 2004, S.&nbsp;159.<\/p>\n<p><a href=\"applewebdata:\/\/76F2EB03-0DC9-4136-8632-85C4A5FA622E#_ftnref24\" name=\"_ftn24\">[24]<\/a> Die\u00adse Anga\u00adbe bezieht sich laut Ange\u00adla und Andre\u00adas Bay\u00ader auf die Crim\u00admit\u00adschau\u00ader Pfarrei.<\/p>\n<p><a href=\"applewebdata:\/\/76F2EB03-0DC9-4136-8632-85C4A5FA622E#_ftnref25\" name=\"_ftn25\">[25]<\/a> Vgl. zum Lebens\u00adlauf: <a href=\"https:\/\/www.bundesstiftung-aufarbeitung.de\/de\/recherche\/kataloge-datenbanken\/biographische-datenbanken\/joachim-garstecki\">https:\/\/www.bundesstiftung-aufarbeitung.de\/de\/recherche\/kataloge-datenbanken\/biographische-datenbanken\/joachim-garstecki<\/a>, Abruf am 26.9.2020.<\/p>\n<p><a href=\"applewebdata:\/\/76F2EB03-0DC9-4136-8632-85C4A5FA622E#_ftnref26\" name=\"_ftn26\">[26]<\/a> Mar\u00adtin-Luther-King-Zen\u00adtrum f\u00fcr Gewalt\u00adfrei\u00adheit und Zivil\u00adcou\u00adra\u00adge (Hrsg.): Raum f\u00fcr G\u00fcte und Gewis\u00adsen. Das christ\u00adli\u00adche Frie\u00addens\u00adse\u00admi\u00adnar K\u00f6nigs\u00adwal\u00adde im dama\u00adli\u00adgen Bezirk Karl-Marx-Stadt\u00ad\/D\u00adDR 1973\u20131990. Berich\u00adte, Bild- und Ton\u00addo\u00adku\u00admen\u00adte, Wer\u00addau 2004, S. 84\u201385, 123.<\/p>\n<p><a href=\"applewebdata:\/\/76F2EB03-0DC9-4136-8632-85C4A5FA622E#_ftnref27\" name=\"_ftn27\">[27]<\/a> Eben\u00adda, S.&nbsp;150.<\/p>\n<p><a href=\"applewebdata:\/\/76F2EB03-0DC9-4136-8632-85C4A5FA622E#_ftnref28\" name=\"_ftn28\">[28]<\/a> Vgl. Aus f\u00fcr Christ\u00adli\u00adches Frie\u00addens\u00adse\u00admi\u00adnar, in: Der Sonn\u00adtag vom 30. August 2020, Nr. 35, S. 6; Frie\u00addens\u00adse\u00admi\u00adnar: Eine \u00c4ra endet, in: Freie Pres\u00adse (Lokal\u00adteil Wer\u00addau) vom 1. Sep\u00adtem\u00adber 2020, Nr. 204, S.&nbsp;9.<\/p>\n<p><a href=\"applewebdata:\/\/76F2EB03-0DC9-4136-8632-85C4A5FA622E#_ftnref29\" name=\"_ftn29\">[29]<\/a> Weigel, Hans\u00adj\u00f6rg: \u201eMan wan\u00addelt nur das, was man annimmt\u201c, in: Jes\u00adse, Eck\u00adhard (Hrsg.): Fried\u00adli\u00adche Revo\u00adlu\u00adti\u00adon und deut\u00adsche Ein\u00adheit. S\u00e4ch\u00adsi\u00adsche B\u00fcr\u00adger\u00adrecht\u00adler zie\u00adhen Bilanz, Ber\u00adlin 2006, S.&nbsp;163.<\/p>\n<p><a href=\"applewebdata:\/\/76F2EB03-0DC9-4136-8632-85C4A5FA622E#_ftnref30\" name=\"_ftn30\">[30]<\/a> Ebenda.<\/p>\n<p><a href=\"applewebdata:\/\/76F2EB03-0DC9-4136-8632-85C4A5FA622E#_ftnref31\" name=\"_ftn31\">[31]<\/a> Der Autor dankt dem His\u00adto\u00adri\u00adker Dr. Mat\u00adthi\u00adas Klu\u00adge (Crim\u00admit\u00adschau-Fran\u00adken\u00adhau\u00adsen) f\u00fcr sei\u00adne gro\u00ad\u00dfe Hilfs\u00adbe\u00adreit\u00adschaft bei der Erschlie\u00ad\u00dfung des The\u00admas und bereit\u00adge\u00adstell\u00adtes Illustrationsmaterial.<\/p>\n\n<div class=\"jwsharethis\">\nShare&nbsp;this:&nbsp;<br>\n<a href=\"mailto:?subject=Der%20katholische%20Beitrag%20zum%20Christlichen%20Friedensseminar%20K%C3%B6nigswalde%20%E2%80%93%20eine%20Skizze%20f%C3%BCr%20die%20Jahre%20bis%26nbsp%3B1989&amp;body=https%3A%2F%2Fmichael-kunze.net%2Fcategory%2Fartikel%2F2020%2F11%2F12%2Fder-katholische-beitrag-zum-christlichen-friedensseminar-koenigswalde-eine-skizze-fuer-die-jahre-bis-1989%2F\">\n<img decoding=\"async\" src=\"https:\/\/michael-kunze.net\/wp-content\/plugins\/jw-share-this\/email.png\" alt=\"Share this page via Email\">\n<\/a>\n<a target=\"_blank\" href=\"http:\/\/www.facebook.com\/sharer.php?u=https%3A%2F%2Fmichael-kunze.net%2Fcategory%2Fartikel%2F2020%2F11%2F12%2Fder-katholische-beitrag-zum-christlichen-friedensseminar-koenigswalde-eine-skizze-fuer-die-jahre-bis-1989%2F&amp;t=Der+katholische+Beitrag+zum+Christlichen+Friedensseminar+K%C3%B6nigswalde+%E2%80%93+eine+Skizze+f%C3%BCr+die+Jahre+bis%26nbsp%3B1989\">\n<img decoding=\"async\" src=\"https:\/\/michael-kunze.net\/wp-content\/plugins\/jw-share-this\/fb.png\" alt=\"Share this page via Facebook\">\n<\/a>\n<a target=\"_blank\" href=\"http:\/\/twitter.com\/intent\/tweet?text=I+like+https%3A%2F%2Fmichael-kunze.net%2Fcategory%2Fartikel%2F2020%2F11%2F12%2Fder-katholische-beitrag-zum-christlichen-friedensseminar-koenigswalde-eine-skizze-fuer-die-jahre-bis-1989%2F&amp;title=Der+katholische+Beitrag+zum+Christlichen+Friedensseminar+K%C3%B6nigswalde+%E2%80%93+eine+Skizze+f%C3%BCr+die+Jahre+bis%26nbsp%3B1989\">\n<img decoding=\"async\" src=\"https:\/\/michael-kunze.net\/wp-content\/plugins\/jw-share-this\/twitter.png\" alt=\"Share this page via Twitter\">\n<\/a>\n<\/div>\n","protected":false},"excerpt":{"rendered":"<p>\u201eHoff\u00adnung\u201c, hat\u00adte V\u00e1clav Havel einst gesagt, \u201eist nicht die \u00dcber\u00adzeu\u00adgung, dass etwas gut aus\u00adgeht, son\u00addern die Gewiss\u00adheit, dass etwas Sinn hat, egal wie es aus\u00adgeht.\u201c[1] Die\u00adse Hoff\u00adnung hat vie\u00adle Men\u00adschen, die in der DDR mit der gesel\u00adl\u00ad\u00adschaf\u00adt\u00ad\u00adlich-poli\u00ad\u00adti\u00ad\u00adschen Wirk\u00adlich\u00adkeit unzu\u00adfrie\u00adden waren, ange\u00adtrie\u00adben \u2013 auch im S\u00fcd\u00adwes\u00adten des heu\u00adti\u00adgen Frei\u00adstaats Sach\u00adsen, im dama\u00adli\u00adgen Bezirk Karl-Marx-Stadt, Kreis Wer\u00addau.\u2026 <a class=\"more-link\" href=\"https:\/\/michael-kunze.net\/category\/artikel\/2020\/11\/12\/der-katholische-beitrag-zum-christlichen-friedensseminar-koenigswalde-eine-skizze-fuer-die-jahre-bis-1989\/\"><span class=\"screen-reader-text\">Der katho\u00adli\u00adsche Bei\u00adtrag zum Christ\u00adli\u00adchen Frie\u00addens\u00adse\u00admi\u00adnar K\u00f6nigs\u00adwal\u00adde \u2013 eine Skiz\u00adze f\u00fcr die Jah\u00adre bis&nbsp;1989<\/span> wei\u00adter\u00adle\u00adsen <span class=\"meta-nav\" aria-hidden=\"true\">\u2192<\/span><\/a><\/p>\n","protected":false},"author":1,"featured_media":0,"comment_status":"open","ping_status":"open","sticky":false,"template":"","format":"standard","meta":{"wp_typography_post_enhancements_disabled":false,"footnotes":""},"categories":[19,13,10,9,1,14],"tags":[1666,1665,1286,664,1667,276,126,1677,108,1680,1676,385,695,1668,127,1679,1669,1663,1672,1681,1673,694,36,1675,1538,1674,1678,1072,275,1671,1181,662,1664,1685,1684,57,1682,1683,158,1670,164],"class_list":["post-3911","post","type-post","status-publish","format-standard","hentry","category-artikel","category-geschichte","category-kultur","category-lokales","category-politik","category-religion","tag-andreas-bayer","tag-angela-bayer","tag-birgit-mitzscherlich","tag-bistum-dresden-meisen","tag-christliches-friedensseminar-koenigswalde","tag-crimmitschau","tag-ddr","tag-dresdener-kapellknaben","tag-eckhard-jesse","tag-elly-viola-nahmmacher","tag-erich-mielke","tag-evangelisch","tag-evangelisch-lutherische-landeskirche-sachsens","tag-friedensgebet","tag-friedliche-revolution","tag-friedrich-press","tag-gerhard-schaffran","tag-hansjoerg-weigel","tag-horst-hoffmann","tag-joachim-garstecki","tag-joachim-wenzel","tag-katholische-kirche","tag-kirche","tag-klaus-albers","tag-konigswalde","tag-konrad-liebster","tag-martin-boettger","tag-matthias-kluge","tag-michael-gehrke","tag-michael-wyppler","tag-ministerium-fur-staatssicherheit","tag-okumene","tag-opposition","tag-pfarrei-st-bonifatius-werdau","tag-pfarrei-st-franziskus-crimmitschau","tag-sachsen","tag-vaclav-havel","tag-volker-kress","tag-werdau","tag-werner-klose","tag-zwickau"],"_links":{"self":[{"href":"https:\/\/michael-kunze.net\/category\/artikel\/wp-json\/wp\/v2\/posts\/3911","targetHints":{"allow":["GET"]}}],"collection":[{"href":"https:\/\/michael-kunze.net\/category\/artikel\/wp-json\/wp\/v2\/posts"}],"about":[{"href":"https:\/\/michael-kunze.net\/category\/artikel\/wp-json\/wp\/v2\/types\/post"}],"author":[{"embeddable":true,"href":"https:\/\/michael-kunze.net\/category\/artikel\/wp-json\/wp\/v2\/users\/1"}],"replies":[{"embeddable":true,"href":"https:\/\/michael-kunze.net\/category\/artikel\/wp-json\/wp\/v2\/comments?post=3911"}],"version-history":[{"count":8,"href":"https:\/\/michael-kunze.net\/category\/artikel\/wp-json\/wp\/v2\/posts\/3911\/revisions"}],"predecessor-version":[{"id":3985,"href":"https:\/\/michael-kunze.net\/category\/artikel\/wp-json\/wp\/v2\/posts\/3911\/revisions\/3985"}],"wp:attachment":[{"href":"https:\/\/michael-kunze.net\/category\/artikel\/wp-json\/wp\/v2\/media?parent=3911"}],"wp:term":[{"taxonomy":"category","embeddable":true,"href":"https:\/\/michael-kunze.net\/category\/artikel\/wp-json\/wp\/v2\/categories?post=3911"},{"taxonomy":"post_tag","embeddable":true,"href":"https:\/\/michael-kunze.net\/category\/artikel\/wp-json\/wp\/v2\/tags?post=3911"}],"curies":[{"name":"wp","href":"https:\/\/api.w.org\/{rel}","templated":true}]}}