{"id":4509,"date":"2025-11-27T06:42:37","date_gmt":"2025-11-27T06:42:37","guid":{"rendered":"https:\/\/michael-kunze.net\/category\/artikel\/?p=4509"},"modified":"2026-01-26T07:51:35","modified_gmt":"2026-01-26T07:51:35","slug":"ein-fluss-der-leonardo-und-sankt-martin-verbindet","status":"publish","type":"post","link":"https:\/\/michael-kunze.net\/category\/artikel\/2025\/11\/27\/ein-fluss-der-leonardo-und-sankt-martin-verbindet\/","title":{"rendered":"Ein Fluss, der Leonardo und Sankt Martin verbindet"},"content":{"rendered":"<div class=\"page\" title=\"Page 1\">\n<div class=\"layoutArea\">\n<div class=\"column\">\n<figure id=\"attachment_4516\" aria-describedby=\"caption-attachment-4516\" style=\"width: 2560px\" class=\"wp-caption alignleft\"><img loading=\"lazy\" decoding=\"async\" class=\"size-full wp-image-4516\" src=\"http:\/\/michael-kunze.net\/wp-content\/uploads\/2025\/11\/IMG_7158-scaled.jpeg\" alt width=\"2560\" height=\"1920\" srcset=\"https:\/\/michael-kunze.net\/wp-content\/uploads\/2025\/11\/IMG_7158-scaled.jpeg 2560w, https:\/\/michael-kunze.net\/wp-content\/uploads\/2025\/11\/IMG_7158-370x278.jpeg 370w, https:\/\/michael-kunze.net\/wp-content\/uploads\/2025\/11\/IMG_7158-1024x768.jpeg 1024w, https:\/\/michael-kunze.net\/wp-content\/uploads\/2025\/11\/IMG_7158-768x576.jpeg 768w, https:\/\/michael-kunze.net\/wp-content\/uploads\/2025\/11\/IMG_7158-1536x1152.jpeg 1536w, https:\/\/michael-kunze.net\/wp-content\/uploads\/2025\/11\/IMG_7158-2048x1536.jpeg 2048w, https:\/\/michael-kunze.net\/wp-content\/uploads\/2025\/11\/IMG_7158-300x225.jpeg 300w\" sizes=\"auto, (max-width: 2560px) 100vw, 2560px\"><figcaption id=\"caption-attachment-4516\" class=\"wp-caption-text\">Wie Gott in Frank\u00adreich \u2013 im Schloss\u00adgar\u00adten von Vil\u00adlan\u00addry. Foto: Micha\u00adel&nbsp;Kunze<\/figcaption><\/figure>\n<p>Gleich einer Per\u00adlen\u00adket\u00adte rei\u00adhen sich zahl\u00adlo\u00adse Schmuck\u00adst\u00fc\u00adcke zu bei\u00adden Sei\u00adten der Loire anein\u00adan\u00adder. Sie zeu\u00adgen von Gel\u00adtungs\u00addrang, Lebens\u00adlust und tie\u00adfer Gottesbeziehung.<\/p>\n<p>REIMS\/TOURS\/NANTES. Wer wie wir von Nord\u00ados\u00adten ins Franzo\u0308sische hineinfa\u0308hrt, kann bei\u00adna\u00adhe nicht anders, als in Reims und Char\u00adtres halt\u00adzu\u00adma\u00adchen, selbst wenn das geo\u00adgra\u00adphi\u00adsche Ziel der Rei\u00adse Hun\u00adder\u00adte Kilo\u00adme\u00adter ent\u00adfernt liegt. Gilt die Rede vom Weg als Ziel etwas, dann in sol\u00adcher Hin\u00adsicht. Wir mu\u0308ssen <!--more--> uns die\u00adsen Gebir\u00adgen aus Stein aus\u00adset\u00adzen, den Kathe\u00addra\u00adlen bei\u00adder Orte und der Basi\u00adli\u00adka Saint-Remi. Wa\u0308hrend die Reim\u00adser Kathe\u00addra\u00adle umringt steht von Men\u00adschen\u00adscha\u00adren und Bau\u00adma\u00adschi\u00adnen an der Fas\u00adsa\u00adde rat\u00adtern, liegt die kei\u00adne zwei Kilo\u00adme\u00adter ent\u00adfern\u00adte, eins\u00adti\u00adge Abtei\u00adkir\u00adche im Stil\u00adlen. Bei\u00adde sind im Ers\u00adten Welt\u00adkrieg von deut\u00adschem Beschuss schwer ver\u00adsehrt wor\u00adden. An Saint-Remi rekon\u00adstru\u00adier\u00adte man 40&nbsp;Jahre.<\/p>\n<p>Einem der Geba\u0308ude den Vor\u00adzug zu geben, fa\u0308llt schwer. Schon im 7. Jahr\u00adhun\u00addert ist fu\u0308r den Vorga\u0308ngerbau von Saint-Remi ein Bene\u00addik\u00adti\u00adner\u00adkon\u00advent bezeugt. Das Patro\u00adzi\u00adni\u00adum ehrt den Fran\u00adken-Apos\u00adtel, der im Chor ruht. Mit Karl\u00admann ist ein Bru\u00adder Karls des Gro\u00ad\u00dfen hier bestat\u00adtet, zudem der Karo\u00adlin\u00adger Lud\u00adwig IV., sein Sohn Lothar. 1049 hat Papst Leo IX. die heu\u00adti\u00adge Kir\u00adche geweiht. Mit sei\u00adnen far\u00adbi\u00adgen Fens\u00adtern verzu\u0308ckt der fru\u0308hgotische Umgangs\u00adchor. Jahr\u00adhun\u00adder\u00adte\u00adlang wur\u00adde in der zur Revo\u00adlu\u00adti\u00adon auf\u00adge\u00adho\u00adbe\u00adnen Abtei das O\u0308l zur Sal\u00adbung der Ko\u0308nige auf\u00adbe\u00adwahrt. Am 7. Mai 1945 unter\u00adzeich\u00adne\u00adten die Deut\u00adschen in Gene\u00adral Eisen\u00adho\u00adwers Reim\u00adser Haupt\u00adquar\u00adtier die Kapi\u00adtu\u00adla\u00adti\u00adon. 1962 tra\u00adfen Charles de Gaul\u00adle und Kon\u00adrad Ade\u00adnau\u00ader in der Stadt in gro\u00ad\u00dfer Verso\u0308hnungsgeste zusam\u00admen; Foto\u00adgra\u00adfien in der Kathe\u00addra\u00adle erin\u00adnern dar\u00adan. Uns geht ein Schau\u00ader u\u0308ber den Ru\u0308cken.<\/p>\n<figure id=\"attachment_4511\" aria-describedby=\"caption-attachment-4511\" style=\"width: 2560px\" class=\"wp-caption alignleft\"><img loading=\"lazy\" decoding=\"async\" class=\"size-full wp-image-4511\" src=\"http:\/\/michael-kunze.net\/wp-content\/uploads\/2025\/11\/IMG_6739-scaled.jpeg\" alt width=\"2560\" height=\"1920\" srcset=\"https:\/\/michael-kunze.net\/wp-content\/uploads\/2025\/11\/IMG_6739-scaled.jpeg 2560w, https:\/\/michael-kunze.net\/wp-content\/uploads\/2025\/11\/IMG_6739-370x278.jpeg 370w, https:\/\/michael-kunze.net\/wp-content\/uploads\/2025\/11\/IMG_6739-1024x768.jpeg 1024w, https:\/\/michael-kunze.net\/wp-content\/uploads\/2025\/11\/IMG_6739-768x576.jpeg 768w, https:\/\/michael-kunze.net\/wp-content\/uploads\/2025\/11\/IMG_6739-1536x1152.jpeg 1536w, https:\/\/michael-kunze.net\/wp-content\/uploads\/2025\/11\/IMG_6739-2048x1536.jpeg 2048w, https:\/\/michael-kunze.net\/wp-content\/uploads\/2025\/11\/IMG_6739-300x225.jpeg 300w\" sizes=\"auto, (max-width: 2560px) 100vw, 2560px\"><figcaption id=\"caption-attachment-4511\" class=\"wp-caption-text\">Im Chor der Reim\u00adser Basi\u00adli\u00adka Saint-Remi ruht der Fran\u00adken-Apos\u00adtel, unter des\u00adsen Patro\u00adzi\u00adni\u00adum sie steht. Vier\u00adzig Jah\u00adre lang dau\u00ader\u00adte nach Zer\u00adst\u00f6\u00adrun\u00adgen durch deut\u00adschen Beschuss im Ers\u00adten Welt\u00adkrieg der Wie\u00adder\u00adauf\u00adbau der Kir\u00adche. Foto: Micha\u00adel&nbsp;Kunze<\/figcaption><\/figure>\n<p>Auch die Kathe\u00addra\u00adle hat etwas Beto\u0308rendes. Was ist zu erwa\u0308hnen? Der u\u0308berreiche Figu\u00adren\u00adschmuck innen wie au\u00dfen, am beru\u0308hmtesten der la\u0308chelnde Engel, Chagalls Fens\u00adter, das ers\u00adte voll\u00adent\u00adwi\u00adckel\u00adte Ma\u00df\u00adwerk der Archi\u00adtek\u00adtur\u00adge\u00adschich\u00adte, die eins\u00adti\u00adge Dom\u00adschu\u00adle, die mit dem Mathe\u00adma\u00adti\u00adker Ger\u00adbert von Aur\u00adil\u00adlac (spa\u0308ter Papst Sil\u00adves\u00adter II.) oder Bru\u00adno von Ko\u0308ln gro\u00ad\u00dfe Leh\u00adrer gese\u00adhen hat. Letzt\u00adlich indes tau\u00adgen sum\u00adma\u00adrisch vor\u00adge\u00adtra\u00adge\u00adne Fak\u00adten wenig, um die Bedeu\u00adtung die\u00adser Ha\u0308user zu fas\u00adsen. Ent\u00adschei\u00addend bleibt, dass sich in ihnen Men\u00adschen von Got\u00adtes Geist anru\u0308hren lassen.<\/p>\n<p>Wir fah\u00adren nach Char\u00adtres. Beim Ein\u00adtritt in die Kathe\u00addra\u00adle kommt uns der Bischof aus der Kryp\u00adta ent\u00adge\u00adgen, umge\u00adben von einem Kame\u00adra\u00adteam \u2013 wie sich her\u00adaus\u00adstellt: aus Ame\u00adri\u00adka. Der Bild\u00adhau\u00ader Augus\u00adte Rodin hat die Kir\u00adche als \u201eAkro\u00adpo\u00adlis Frank\u00adreichs\u201c bezeich\u00adnet. Von nah und fern stro\u0308men Wall\u00adfah\u00adrer und Tou\u00adris\u00adten ihr zu. Die Ame\u00adri\u00adka\u00adner tref\u00adfen wir auf dem Vor\u00adplatz wie\u00adder. Einer nach dem andern sinkt vor dem Bischof auf die Knie und erbit\u00adtet zum Abschied den Segen. Aus unse\u00adrer Grup\u00adpe sieht es einer, macht drei Spru\u0308nge und tut es ihnen gleich. Tage\u00adlang wird er von die\u00adsem Erleb\u00adnis, das noch vor weni\u00adgen Jahr\u00adzehn\u00adten der Form nach das \u00dcbli\u00adche gewe\u00adsen ist, berich\u00adten. Als \u201eBischof war er immer und zuerst zum Seg\u00adnen bereit, das war sei\u00adne eigent\u00adli\u00adche Funk\u00adti\u00adon\u201c. An Mar\u00adtin Mose\u00adbachs Wor\u00adte aus \u201eDie 21\u201c den\u00adken wir, wa\u0308hrend es na\u0308her hin\u00adan geht an die Loire. Mit mehr als 1000 Kilo\u00adme\u00adtern ist sie der la\u0308ngste Fluss Frank\u00adreichs, der sich vom Zen\u00adtral\u00admas\u00adsiv gen Nor\u00adden wen\u00addet und bei Orle\u0301ans gen Wes\u00adten, um bei Saint-Nazai\u00adre in den Atlan\u00adtik zu mu\u0308nden. Dazwi\u00adschen: altes, u\u0308berreiches Kul\u00adtur\u00adland, an dem uns das sich sanft win\u00adden\u00adde Nass natur\u00adbe\u00adlas\u00adsen und fu\u0308r Schiff\u00adfahrt wenig taug\u00adlich erscheint, dafu\u0308r als Para\u00addies fu\u0308r Vo\u0308gel und Fische.<\/p>\n<p>Als na\u0308chstes neh\u00admen wir Quar\u00adtier in Noi\u00adzay, umge\u00adben von Wald und Wein\u00adre\u00adben, zehn Kilo\u00adme\u00adter o\u0308stlich von Tours. Die <span style=\"font-size: 1rem;\">eins\u00adti\u00adge Abtei von Fron\u00adtev\u00adraud, Grab\u00adle\u00adge der eng\u00adli\u00adschen Ko\u0308nige Richard Lo\u0308wenherz und sei\u00adnes Vaters, Hein\u00adrichs II., dazu der schil\u00adlern\u00adden Mut\u00adter und Gat\u00adtin, Eleo\u00adno\u00adres von Aqui\u00adta\u00adni\u00aden, las\u00adsen wir bei\u00adsei\u00adte; wir sind schon dort gewesen.<\/span><\/p>\n<div class=\"page\" title=\"Page 1\">\n<div class=\"layoutArea\">\n<div class=\"column\">\n<p><strong>Am Alters\u00adsitz von Leo\u00adnar\u00addo da&nbsp;Vinci<\/strong><\/p>\n<p>Die Schlo\u0308sser von Cham\u00adbord, Blois und Ambo\u00adi\u00adse mit den ver\u00admu\u00adte\u00adten Gebei\u00adnen des Uni\u00adver\u00adsal\u00adge\u00adnies Leo\u00adnar\u00addo da Vin\u00adci (man wei\u00df es nicht sicher) sind Magne\u00adte \u2013 dar\u00adan kom\u00admen wir nicht voru\u0308ber. Wa\u0308hrend die Anla\u00adge von Blois innen entta\u0308uscht \u2013 wenig alte Aus\u00adstat\u00adtung, gro\u00ad\u00dfer Andrang \u2013, ist der a\u0308u\u00dfere, Stadt und Land\u00adschaft pra\u0308gende Ein\u00addruck ein gro\u00ad\u00dfer. Ambo\u00adi\u00adse war\u00adtet mit his\u00adto\u00adri\u00adschem Inte\u00adri\u00adeur auf. Das wei\u00adte Pla\u00adteau, auf dem der Bau steht, bie\u00adtet gute Schau u\u0308ber Stadt und Loire\u00adtal. Unten, im Ort, steht da Vin\u00adcis Wohn\u00adhaus: Le Clos Luce\u0301. Hier hat der Meis\u00adter sei\u00adne letz\u00adten Jah\u00adre ver\u00adbracht. Er starb 1519 laut Gior\u00adgio Vasa\u00adri in den Armen des Ko\u0308nigs. Der hielt sich sei\u00adner\u00adzeit aller\u00addings nicht in Ambo\u00adi\u00adse auf. Man liest es den\u00adnoch&nbsp;gern.<\/p>\n<p>Gene\u00adra\u00adtio\u00adnen von Poten\u00adta\u00adten und Gelehr\u00adten haben sich mit Schlo\u0308ssern an der Loire ver\u00adewigt. Unmo\u0308glich, sie selbst in wochen\u00adlan\u00adgen Streifzu\u0308gen alle zu besich\u00adti\u00adgen. Wir haben acht Tage. Das u\u0308ber den Cher errich\u00adte\u00adte Chenon\u00adceau muss sein. Glei\u00adches gilt fu\u0308r Vil\u00adlan\u00addry und den mit bei\u00adspiel\u00adlo\u00adsem Auf\u00adwand gepfleg\u00adten Schloss\u00adgar\u00adten. Drei gewal\u00adti\u00adge Par\u00adterres sind es, ver\u00adbun\u00adden mit Trep\u00adpen und Ram\u00adpen. Dar\u00adauf: geo\u00adme\u00adtrisch geschnit\u00adte\u00adne Bee\u00adte vol\u00adler Orna\u00admen\u00adte, von Blu\u00admen gefu\u0308llt, Brun\u00adnen, ein baro\u00adcker Was\u00adser\u00adgar\u00adten, dazu einer fu\u0308r Gemu\u0308se, den der spa\u00adni\u00adsche Arzt Car\u00advallo, der das Anwe\u00adsen 1906 erwarb, beson\u00adders gescha\u0308tzt haben&nbsp;soll.<\/p>\n<p>Schlie\u00df\u00adlich fah\u00adren wir nach Azay-le-Rideau. Bal\u00adzac hat die Anla\u00adge im Roman \u201eDie Lilie im Tal\u201c einen geschlif\u00adfe\u00adnen Dia\u00adman\u00adten gehei\u00ad\u00dfen. Nicht weni\u00adge hal\u00adten das von Was\u00adser umge\u00adbe\u00adne Schloss, das nie einem <span style=\"font-size: 1rem;\">Ko\u0308nig geho\u0308rte, fu\u0308r das scho\u0308nste der Renais\u00adsance in der Region.&nbsp;<\/span><\/p>\n<p><span style=\"font-size: 1rem;\">Der Sonn\u00adtag geho\u0308rt Tours. Die Mes\u00adse in der Kathe\u00addra\u00adle voll jun\u00adger Leu\u00adte \u2013 Zei\u00adchen fu\u0308r jene Tau\u00adfen und Kon\u00adver\u00adsio\u00adnen, von denen aus Frank\u00adreich berich\u00adtet wird? Auch vor dem Grab von Sankt Mar\u00adtin a\u0308hnliche Bil\u00adder. Auf den in der Revo\u00adlu\u00adti\u00adon unter\u00adge\u00adgan\u00adge\u00adnen Vorga\u0308ngerbau, Vor\u00adbild fu\u0308r Sant\u00adia\u00adgo de Com\u00adpos\u00adte\u00adla, folg\u00adte der heu\u00adti\u00adge in roma\u00adnisch-byzan\u00adti\u00adni\u00adschem Stil, errich\u00adtet bis 1902. Fu\u0308r uns Fu\u0308gung: Knapp 1300 Kilo\u00adme\u00adter von der Hei\u00admat steht unver\u00adab\u00adre\u00addet ein Bekann\u00adter vor dem Ein\u00adgang zur Kryp\u00adta. Der Hei\u00adli\u00adge, der selbst\u00adlos sei\u00adnen Man\u00adtel mit dem Bett\u00adler teil\u00adte, bleibt Iden\u00adti\u00adfi\u00adka\u00adti\u00adons\u00adfi\u00adgur. Unza\u0308hlige Votiv\u00adta\u00adfeln, auch aus Deutsch\u00adland, ku\u0308nden davon. Wir hal\u00adten betend inne, dass all die Ablen\u00adkun\u00adgen und Ver\u00adz\u00fc\u00adckun\u00adgen uns nicht blind und taub machen m\u00f6gen gegen\u00ad\u00fcber dem Leid auch in unse\u00adren&nbsp;Tagen.<\/span><\/p>\n<figure id=\"attachment_4524\" aria-describedby=\"caption-attachment-4524\" style=\"width: 1920px\" class=\"wp-caption alignleft\"><img loading=\"lazy\" decoding=\"async\" class=\"size-full wp-image-4524\" src=\"http:\/\/michael-kunze.net\/wp-content\/uploads\/2025\/11\/IMG_7178-scaled.jpeg\" alt width=\"1920\" height=\"2560\" srcset=\"https:\/\/michael-kunze.net\/wp-content\/uploads\/2025\/11\/IMG_7178-scaled.jpeg 1920w, https:\/\/michael-kunze.net\/wp-content\/uploads\/2025\/11\/IMG_7178-278x370.jpeg 278w, https:\/\/michael-kunze.net\/wp-content\/uploads\/2025\/11\/IMG_7178-768x1024.jpeg 768w, https:\/\/michael-kunze.net\/wp-content\/uploads\/2025\/11\/IMG_7178-1152x1536.jpeg 1152w, https:\/\/michael-kunze.net\/wp-content\/uploads\/2025\/11\/IMG_7178-1536x2048.jpeg 1536w, https:\/\/michael-kunze.net\/wp-content\/uploads\/2025\/11\/IMG_7178-225x300.jpeg 225w\" sizes=\"auto, (max-width: 1920px) 100vw, 1920px\"><figcaption id=\"caption-attachment-4524\" class=\"wp-caption-text\">Am Gra\u00adbe des Hei\u00adli\u00adgen Mar\u00adtin von Tours. Foto: Micha\u00adel&nbsp;Kunze<\/figcaption><\/figure>\n<\/div>\n<div class=\"column\">\n<p>Die\u00adse Gegen\u00ads\u00e4t\u00adze! \u00dcber Sau\u00admur geht es nach Nan\u00adtes, in die eins\u00adti\u00adge Haupt\u00adstadt der Bre\u00adta\u00adgne: <span style=\"font-size: 1rem;\">eine quir\u00adli\u00adge, jun\u00adge Gro\u00df\u00adstadt, in der die Syn\u00adthe\u00adse aus Alt und Neu geglu\u0308ckt zu sein scheint. Der Dom \u2013 kei\u00adne T\u00fcr l\u00e4sst sich \u00f6ff\u00adnen \u2013 wird saniert, im Zen\u00adtrum ansons\u00adten ein fu\u0308r Auswa\u0308rtige kaum durch\u00addring\u00adli\u00adches Ein\u00adbahn\u00adstra\u00ad\u00dfen- und Bau\u00adstel\u00adlen\u00adge\u00adwirr. Am Stadt\u00adrand empfa\u0308ngt uns Hen\u00adri Ducel\u00adlier auf Cha\u0302teau de Thoua\u00adre\u0301. 1565 hat es Ko\u0308nig Karl IX. besucht. Die Fami\u00adlie des Phi\u00adlo\u00adso\u00adphen Des\u00adcar\u00adtes war mit dem Schloss ver\u00adbun\u00adden. In einem ma\u0308chtigen Rund\u00adturm neh\u00admen wir Woh\u00adnung, umge\u00adben von Barockmo\u0308beln und einer ansehn\u00adli\u00adchen Biblio\u00adthek. Mon\u00adsieur Ducel\u00adlier, einst erfolg\u00adrei\u00adcher Indus\u00adtrie\u00adma\u00adna\u00adger und Besit\u00adzer des Schlos\u00adses, ver\u00adsieht uns mit Aus\u00adflugs\u00adtipps. Er berei\u00adtet das Fru\u0308hstu\u0308ck zu, emp\u00adfiehlt die scho\u0308nste Bras\u00adse\u00adrie Frank\u00adreichs. \u201eLa Ciga\u00adle\u201c (die Gril\u00adle) mit u\u0308ppigem Innen\u00adde\u00adkor aus dem U\u0308ber<\/span><span style=\"font-size: 1rem;\">gang vom His\u00adto\u00adris\u00admus zum Jugend\u00adstil sei jedoch nie ein Geheim\u00adtipp gewe\u00adsen. Das Lokal ist zwar abends immer\u00adzu aus\u00adge\u00adbucht, doch der oft fru\u0308her als Fran\u00adzo\u00adsen auf\u00adschla\u00adgen\u00adde Deut\u00adsche hat einen Vorteil.<\/span><\/p>\n<figure id=\"attachment_4526\" aria-describedby=\"caption-attachment-4526\" style=\"width: 1920px\" class=\"wp-caption alignleft\"><img loading=\"lazy\" decoding=\"async\" class=\"size-full wp-image-4526\" src=\"http:\/\/michael-kunze.net\/wp-content\/uploads\/2025\/11\/IMG_7217-scaled.jpeg\" alt width=\"1920\" height=\"2560\" srcset=\"https:\/\/michael-kunze.net\/wp-content\/uploads\/2025\/11\/IMG_7217-scaled.jpeg 1920w, https:\/\/michael-kunze.net\/wp-content\/uploads\/2025\/11\/IMG_7217-278x370.jpeg 278w, https:\/\/michael-kunze.net\/wp-content\/uploads\/2025\/11\/IMG_7217-768x1024.jpeg 768w, https:\/\/michael-kunze.net\/wp-content\/uploads\/2025\/11\/IMG_7217-1152x1536.jpeg 1152w, https:\/\/michael-kunze.net\/wp-content\/uploads\/2025\/11\/IMG_7217-1536x2048.jpeg 1536w, https:\/\/michael-kunze.net\/wp-content\/uploads\/2025\/11\/IMG_7217-225x300.jpeg 225w\" sizes=\"auto, (max-width: 1920px) 100vw, 1920px\"><figcaption id=\"caption-attachment-4526\" class=\"wp-caption-text\">Die sch\u00f6ns\u00adte Bras\u00adse\u00adrie Frank\u00adreichs: \u201eLa Ciga\u00adle\u201c in Nan\u00adtes (vor dem all\u00adabend\u00adli\u00adchen Ansturm). Foto: Micha\u00adel&nbsp;Kunze<\/figcaption><\/figure>\n<\/div>\n<\/div>\n<\/div>\n<\/div>\n<div class=\"column\">\n<p>Wir machen den unver\u00admeid\u00adli\u00adchen Abste\u00adcher zum Atlan\u00adtik. Ducel\u00adlier hat\u00adte zwar von La Bau\u00adle-Escoub\u00adlac, dem beru\u0308hmtesten Bade\u00adort weit und breit, abge\u00adra\u00adten. Nach dem Krieg hat die his\u00adto\u00adri\u00adsche Sub\u00adstanz in der ers\u00adten Rei\u00adhe Bet\u00adten\u00adbur\u00adgen Platz machen mu\u0308ssen. Wir fah\u00adren den\u00adnoch, da die Wasserqualita\u0308t stimmt. Ganz in der N\u00e4he muss man wegen Bak\u00adte\u00adri\u00aden\u00adbe\u00adfalls im Was\u00adser mit Strand\u00adsper\u00adrun\u00adgen rechnen.<\/p>\n<p><strong>Das ein\u00adzi\u00adge erhal\u00adte\u00adne karo\u00adlin\u00adgi\u00adsche Mosaik<\/strong><\/p>\n<p>Ist\u2019s am scho\u0308nsten, soll man wei\u00adter. Zwei Orte haben wir 370 Kilo\u00adme\u00adter stromaufwa\u0308rts bei der Anfahrt bei\u00adsei\u00adte gelas\u00adsen. Den Anfang macht Germigny-des-Pre\u0301s. Die a\u0308u\u00dferlich beschei\u00adden wir\u00adken\u00adde Kir\u00adche scheint nichts mehr zu sein als der Orts\u00admit\u00adtel\u00adpunkt, schrieb Wil\u00adfried Hans\u00admann. Dabei gebu\u0308hre ihr in der europa\u0308ischen Archi\u00adtek\u00adtur\u00adge\u00adschich\u00adte hoher Rang. Theo\u00addulf von Orle\u0301ans, Kanz\u00adler Karls des Gro\u00ad\u00dfen, Dich\u00adter und Bischof, hat den Zen\u00adtral\u00adbau wohl 806 als Pri\u00advat\u00adka\u00adpel\u00adle geweiht \u2013 mit dem ein\u00adzi\u00adgen aus karo\u00adlin\u00adgi\u00adscher Zeit erhal\u00adte\u00adnen Mosa\u00adik. Es zeigt die Bun\u00addes\u00adla\u00adde, flan\u00adkiert von Engeln; die Far\u00adben sind kra\u0308ftig. Theo\u00addulfs Vil\u00adla ging ver\u00adlo\u00adren, das Got\u00adtes\u00adhaus hielt. Abseits gro\u00ad\u00dfer Stra\u00ad\u00dfen: Stil\u00adle, die zur Rast einla\u0308dt. Das gilt auch fu\u0308r den Nach\u00adbar\u00adort Saint-Benoi\u0302t\u2011sur-Loire, in dem sich eine gewal\u00adti\u00adge Abtei befin\u00addet, der Theo\u00addulf vor\u00adge\u00adstan\u00adden hat. Deren Kir\u00adche ist ein Meis\u00adter\u00adwerk der Roma\u00adnik. Die Mo\u0308nche aber lagen jahr\u00adhun\u00adder\u00adte\u00adlang im Streit mit Mon\u00adte\u00adcas\u00adsi\u00adno: u\u0308ber die Authentizita\u0308t der in der Kryp\u00adta ver\u00adehr\u00adten Gebei\u00adne von Ordens\u00adva\u00adter Benedikt.<\/p>\n<span id=\"post-ratings-4509\" class=\"post-ratings\" data-nonce=\"704f46bb46\"><span class=\"hreview-aggregate\"><span class=\"item\"><span class=\"fn\">Bewer\u00adten Sie die\u00adsen Bei\u00adtrag:&nbsp;<\/span>: <img decoding=\"async\" id=\"rating_4509_1\" src=\"https:\/\/michael-kunze.net\/wp-content\/plugins\/wp-postratings\/images\/stars\/rating_off.gif\" alt=\"1 Star\" title=\"1 Star\" onmouseover=\"current_rating(4509, 1, '1 Star');\" onmouseout=\"ratings_off(0, 0, 0);\" onclick=\"rate_post();\" onkeypress=\"rate_post();\" style=\"cursor: pointer; border: 0px;\"><img decoding=\"async\" id=\"rating_4509_2\" src=\"https:\/\/michael-kunze.net\/wp-content\/plugins\/wp-postratings\/images\/stars\/rating_off.gif\" alt=\"2 Stars\" title=\"2 Stars\" onmouseover=\"current_rating(4509, 2, '2 Stars');\" onmouseout=\"ratings_off(0, 0, 0);\" onclick=\"rate_post();\" onkeypress=\"rate_post();\" style=\"cursor: pointer; border: 0px;\"><img decoding=\"async\" id=\"rating_4509_3\" src=\"https:\/\/michael-kunze.net\/wp-content\/plugins\/wp-postratings\/images\/stars\/rating_off.gif\" alt=\"3 Stars\" title=\"3 Stars\" onmouseover=\"current_rating(4509, 3, '3 Stars');\" onmouseout=\"ratings_off(0, 0, 0);\" onclick=\"rate_post();\" onkeypress=\"rate_post();\" style=\"cursor: pointer; border: 0px;\"><img decoding=\"async\" id=\"rating_4509_4\" src=\"https:\/\/michael-kunze.net\/wp-content\/plugins\/wp-postratings\/images\/stars\/rating_off.gif\" alt=\"4 Stars\" title=\"4 Stars\" onmouseover=\"current_rating(4509, 4, '4 Stars');\" onmouseout=\"ratings_off(0, 0, 0);\" onclick=\"rate_post();\" onkeypress=\"rate_post();\" style=\"cursor: pointer; border: 0px;\"><img decoding=\"async\" id=\"rating_4509_5\" src=\"https:\/\/michael-kunze.net\/wp-content\/plugins\/wp-postratings\/images\/stars\/rating_off.gif\" alt=\"5 Stars\" title=\"5 Stars\" onmouseover=\"current_rating(4509, 5, '5 Stars');\" onmouseout=\"ratings_off(0, 0, 0);\" onclick=\"rate_post();\" onkeypress=\"rate_post();\" style=\"cursor: pointer; border: 0px;\"><br><\/span><\/span><span id=\"post-ratings-4509-loading\" class=\"post-ratings-loading\"><img loading=\"lazy\" decoding=\"async\" src=\"https:\/\/michael-kunze.net\/wp-content\/plugins\/wp-postratings\/images\/loading.gif\" width=\"16\" height=\"16\" class=\"post-ratings-image\">Loa\u00adding\u2026<\/span>\n<\/span><\/div>\n<\/div>\n<\/div>\n\n<div class=\"jwsharethis\">\nShare&nbsp;this:&nbsp;<br>\n<a href=\"mailto:?subject=Ein%20Fluss%2C%20der%20Leonardo%20und%20Sankt%20Martin%20verbindet&amp;body=https%3A%2F%2Fmichael-kunze.net%2Fcategory%2Fartikel%2F2025%2F11%2F27%2Fein-fluss-der-leonardo-und-sankt-martin-verbindet%2F\">\n<img decoding=\"async\" src=\"https:\/\/michael-kunze.net\/wp-content\/plugins\/jw-share-this\/email.png\" alt=\"Share this page via Email\">\n<\/a>\n<a target=\"_blank\" href=\"http:\/\/www.facebook.com\/sharer.php?u=https%3A%2F%2Fmichael-kunze.net%2Fcategory%2Fartikel%2F2025%2F11%2F27%2Fein-fluss-der-leonardo-und-sankt-martin-verbindet%2F&amp;t=Ein+Fluss%2C+der+Leonardo+und+Sankt+Martin+verbindet\">\n<img decoding=\"async\" src=\"https:\/\/michael-kunze.net\/wp-content\/plugins\/jw-share-this\/fb.png\" alt=\"Share this page via Facebook\">\n<\/a>\n<a target=\"_blank\" href=\"http:\/\/twitter.com\/intent\/tweet?text=I+like+https%3A%2F%2Fmichael-kunze.net%2Fcategory%2Fartikel%2F2025%2F11%2F27%2Fein-fluss-der-leonardo-und-sankt-martin-verbindet%2F&amp;title=Ein+Fluss%2C+der+Leonardo+und+Sankt+Martin+verbindet\">\n<img decoding=\"async\" src=\"https:\/\/michael-kunze.net\/wp-content\/plugins\/jw-share-this\/twitter.png\" alt=\"Share this page via Twitter\">\n<\/a>\n<\/div>\n","protected":false},"excerpt":{"rendered":"<p>Gleich einer Per\u00adlen\u00adket\u00adte rei\u00adhen sich zahl\u00adlo\u00adse Schmuck\u00adst\u00fc\u00adcke zu bei\u00adden Sei\u00adten der Loire anein\u00adan\u00adder. Sie zeu\u00adgen von Gel\u00adtungs\u00addrang, Lebens\u00adlust und tie\u00adfer Got\u00adtes\u00adbe\u00adzie\u00adhung. REIMS\/TOURS\/NANTES. Wer wie wir von Nord\u00ados\u00adten ins Franzo\u0308sische hineinfa\u0308hrt, kann bei\u00adna\u00adhe nicht anders, als in Reims und Char\u00adtres halt\u00adzu\u00adma\u00adchen, selbst wenn das geo\u00adgra\u00adphi\u00adsche Ziel der Rei\u00adse Hun\u00adder\u00adte Kilo\u00adme\u00adter ent\u00adfernt liegt. Gilt die Rede vom\u2026 <a class=\"more-link\" href=\"https:\/\/michael-kunze.net\/category\/artikel\/2025\/11\/27\/ein-fluss-der-leonardo-und-sankt-martin-verbindet\/\"><span class=\"screen-reader-text\">Ein Fluss, der Leo\u00adnar\u00addo und Sankt Mar\u00adtin ver\u00adbin\u00addet<\/span> wei\u00adter\u00adle\u00adsen <span class=\"meta-nav\" aria-hidden=\"true\">\u2192<\/span><\/a><\/p>\n","protected":false},"author":1,"featured_media":0,"comment_status":"open","ping_status":"open","sticky":false,"template":"","format":"standard","meta":{"wp_typography_post_enhancements_disabled":false,"footnotes":""},"categories":[19,13,10,14],"tags":[1963,35,1961,1962,1964,1967,30,1959,694,1960,1966,1956,565,1955,1965,1954,1958,1969,1970,1957,1968],"class_list":["post-4509","post","type-post","status-publish","format-standard","hentry","category-artikel","category-geschichte","category-kultur","category-religion","tag-amboise","tag-architektur","tag-azay-le-rideau","tag-blois","tag-chambord","tag-chenonceau","tag-frankreich","tag-germigny-des-pres","tag-katholische-kirche","tag-la-baule-escoublac","tag-leonardo-da-vinci","tag-loire","tag-mittelalter","tag-nantes","tag-noizay","tag-reims","tag-saint-benoit-sur-loire","tag-saumur","tag-theodulf-von-orleans","tag-tours","tag-villandry"],"_links":{"self":[{"href":"https:\/\/michael-kunze.net\/category\/artikel\/wp-json\/wp\/v2\/posts\/4509","targetHints":{"allow":["GET"]}}],"collection":[{"href":"https:\/\/michael-kunze.net\/category\/artikel\/wp-json\/wp\/v2\/posts"}],"about":[{"href":"https:\/\/michael-kunze.net\/category\/artikel\/wp-json\/wp\/v2\/types\/post"}],"author":[{"embeddable":true,"href":"https:\/\/michael-kunze.net\/category\/artikel\/wp-json\/wp\/v2\/users\/1"}],"replies":[{"embeddable":true,"href":"https:\/\/michael-kunze.net\/category\/artikel\/wp-json\/wp\/v2\/comments?post=4509"}],"version-history":[{"count":15,"href":"https:\/\/michael-kunze.net\/category\/artikel\/wp-json\/wp\/v2\/posts\/4509\/revisions"}],"predecessor-version":[{"id":4528,"href":"https:\/\/michael-kunze.net\/category\/artikel\/wp-json\/wp\/v2\/posts\/4509\/revisions\/4528"}],"wp:attachment":[{"href":"https:\/\/michael-kunze.net\/category\/artikel\/wp-json\/wp\/v2\/media?parent=4509"}],"wp:term":[{"taxonomy":"category","embeddable":true,"href":"https:\/\/michael-kunze.net\/category\/artikel\/wp-json\/wp\/v2\/categories?post=4509"},{"taxonomy":"post_tag","embeddable":true,"href":"https:\/\/michael-kunze.net\/category\/artikel\/wp-json\/wp\/v2\/tags?post=4509"}],"curies":[{"name":"wp","href":"https:\/\/api.w.org\/{rel}","templated":true}]}}