{"id":950,"date":"2014-03-17T19:00:02","date_gmt":"2014-03-17T19:00:02","guid":{"rendered":"http:\/\/michael-kunze.net\/category\/artikel\/?p=950"},"modified":"2020-05-22T11:53:04","modified_gmt":"2020-05-22T11:53:04","slug":"dresden-17-marz-2014","status":"publish","type":"post","link":"https:\/\/michael-kunze.net\/category\/artikel\/2014\/03\/17\/dresden-17-marz-2014\/","title":{"rendered":"Dresden, 17. M\u00e4rz&nbsp;2014"},"content":{"rendered":"<figure id=\"attachment_1005\" aria-describedby=\"caption-attachment-1005\" style=\"width: 300px\" class=\"wp-caption alignleft\"><img loading=\"lazy\" decoding=\"async\" class=\"wp-image-1005 size-medium\" src=\"http:\/\/michael-kunze.net\/wp-content\/uploads\/2014\/03\/Foto-300x225.jpg\" alt=\"Tschechiens fr\u00fcherer Au\u00dfenminister Karl zu Schwarzenberg (rechts) im Gespr\u00e4ch mit Dr. Joachim Klose, dem Leiter des Dresdener Bildungswerks der Konrad-Adenauer-Stiftung. Foto: Michael Kunze.\" width=\"300\" height=\"225\" srcset=\"https:\/\/michael-kunze.net\/wp-content\/uploads\/2014\/03\/Foto-300x225.jpg 300w, https:\/\/michael-kunze.net\/wp-content\/uploads\/2014\/03\/Foto-250x187.jpg 250w, https:\/\/michael-kunze.net\/wp-content\/uploads\/2014\/03\/Foto-624x468.jpg 624w, https:\/\/michael-kunze.net\/wp-content\/uploads\/2014\/03\/Foto.jpg 640w\" sizes=\"auto, (max-width: 300px) 100vw, 300px\"><figcaption id=\"caption-attachment-1005\" class=\"wp-caption-text\">Tsche\u00adchi\u00adens vor\u00adma\u00adli\u00adger Au\u00dfen\u00admi\u00adnis\u00adter Karl zu Schwar\u00adzen\u00adberg (rechts) im Gespr\u00e4ch mit Dr. Joa\u00adchim Klo\u00adse, dem Lei\u00adter des Dres\u00adde\u00adner Bil\u00addungs\u00adwerks der Kon\u00adrad-Ade\u00adnau\u00ader-Stif\u00adtung. Foto: Micha\u00adel&nbsp;Kunze.<\/figcaption><\/figure>\n<p>\u201eWas ist, wenn Euro\u00adpa f\u00e4llt? Was gin\u00adge dann \u2013 in speng\u00adler\u00adscher Dik\u00adti\u00adon \u2013 (noch) unter?\u201c So frag\u00adte Karl zu Schwar\u00adzen\u00adberg, Tsche\u00adchi\u00adens fr\u00fc\u00adhe\u00adrer Au\u00dfen\u00admi\u00adnis\u00adter, nicht. Er dia\u00adgnos\u00adti\u00adzier\u00adte viel\u00admehr: \u201eEuro\u00adpa ist in Gefahr.\u201c W\u00e4h\u00adrend die Mehr\u00adheit des Publi\u00adkums \u2013 um die 350 G\u00e4s\u00adte waren der Ein\u00adla\u00addung der Kon\u00adrad-Ade\u00adnau\u00ader-Stif\u00adtung in die Drei\u00adk\u00f6\u00adnigs\u00adkir\u00adche gefolgt \u2013 dabei an die der\u00adzei\u00adti\u00adge Kri\u00adse zwi\u00adschen Ukrai\u00adne und Russ\u00adland gedacht haben mag, f\u00fchr\u00adte sie Schwar\u00adzen\u00adberg, der 1937 in Prag gebo\u00adre\u00adne Nach\u00adfah\u00adre des Ober\u00adbe\u00adfehls\u00adha\u00adbers der anti\u00adna\u00adpo\u00adleo\u00adni\u00adschen Trup\u00adpen in der V\u00f6l\u00adker\u00adschlacht, auf eine ande\u00adre F\u00e4hr\u00adte. Zu sich und gegen sich als Euro\u00adp\u00e4\u00ader,&nbsp;lie\u00ad\u00dfe sie sich beschrei\u00adben. Wenn Euro\u00adpa schei\u00adte\u00adre, lau\u00adte\u00adte sein Cre\u00addo, dann nicht an einem anti\u00adli\u00adbe\u00adra\u00adlen Russ\u00adland, das den Euro\u00adp\u00e4\u00adern der\u00adzeit f\u00fcr ihre eige\u00adne Unent\u00adschlos\u00adsen\u00adheit, ihre \u00fcber Jahr\u00adzehn\u00adte gef\u00e4hr\u00adlich ein\u00adsei\u00adti\u00adge Ori\u00aden\u00adtie\u00adrung an Kon\u00adsum und <!--more-->wirt\u00adschaft\u00adli\u00adcher Pro\u00adspe\u00adri\u00adt\u00e4t bei man\u00adgeln\u00adder Ver\u00adtei\u00addi\u00adgungs\u00adbe\u00adreit\u00adschaft eine (Teil-?) Rech\u00adnung pr\u00e4\u00adsen\u00adtie\u00adre, zu deren Deckung Ame\u00adri\u00adka mitt\u00adler\u00adwei\u00adle weder wil\u00adlens noch in der Lage sei. Euro\u00adpa \u2013 das hei\u00dft f\u00fcr Schwar\u00adzen\u00adberg zun\u00e4chst: die EU, der es vor allem an Inte\u00adgra\u00adti\u00adons\u00adbe\u00adm\u00fc\u00adhun\u00adgen in den Berei\u00adchen&nbsp;von Au\u00dfen\u2011, Sicher\u00adheits- und Ver\u00adtei\u00addi\u00adgungs\u00adpo\u00adli\u00adtik&nbsp;erman\u00adge\u00adle, w\u00e4h\u00adrend sie andern\u00adorts&nbsp;zu weit getrie\u00adben wor\u00adden sei\u00aden&nbsp;-,&nbsp;Euro\u00adpa schei\u00adte\u00adre an den Euro\u00adp\u00e4\u00adern und zwar dann,&nbsp;wenn sie nicht ihre Gemein\u00adsam\u00adkei\u00adten den Unter\u00adschie\u00adden vor\u00adan\u00adstell\u00adten. Die\u00adsen Ein\u00addruck erweck\u00adten jedoch&nbsp;die demo\u00adsko\u00adpi\u00adschen Unter\u00adsu\u00adchun\u00adgen im Vor\u00adfeld der Euro\u00adpa\u00adwahl quer \u00fcber den Kon\u00adti\u00adnent. Was seit Jahr\u00adzehn\u00adten feh\u00adle, sei eine&nbsp;neue poli\u00adti\u00adsche, eine gesell\u00adschaft\u00adli\u00adche&nbsp;Idee, die B\u00fcr\u00adger und poli\u00adti\u00adsche F\u00fch\u00adrung antrei\u00adbe.&nbsp;Und das Wis\u00adsen um fes\u00adten Grund, von dem aus sie ent\u00adwi\u00adckelt wer\u00adden k\u00f6n\u00adne. Schwar\u00adzen\u00adberg lie\u00df das Publi\u00adkum nicht im Unge\u00adf\u00e4h\u00adren dar\u00ad\u00fcber,&nbsp;wor\u00adauf er sein Den\u00adken und Han\u00addeln gr\u00fcn\u00adde: auf das Bewusst\u00adsein&nbsp;f\u00fcr \u201edie vier H\u00fcgel\u201c&nbsp;\u2013&nbsp;den Sinai,&nbsp;Gol\u00adga\u00adtha (zwei Ber\u00adge au\u00dfer\u00adhalb des geo\u00adgra\u00adfi\u00adschen Euro\u00adpas \u2013&nbsp;kei\u00adne neue zwar, doch eine nach wie vor bemer\u00adkens\u00adwer\u00adte&nbsp;Klam\u00admer), die Athe\u00adner Akro\u00adpo\u00adlis und&nbsp;das r\u00f6mi\u00adsche Kapi\u00adtol.&nbsp;In sei\u00adnem Vor\u00adtrag zum The\u00adma \u201eDemo\u00adkra\u00adtie in Gefahr? Die Bedeu\u00adtung der Euro\u00adp\u00e4i\u00adschen Uni\u00adon f\u00fcr L\u00e4n\u00adder in Mit\u00adtel-\/Ost-Euro\u00adpa\u201c hielt sich&nbsp;der 76-J\u00e4h\u00adri\u00adge&nbsp;nicht lan\u00adge auf mit Russ\u00adlands Krim-Poli\u00adtik, wobei&nbsp;ihm&nbsp;die Reak\u00adtio\u00adnen der Euro\u00adp\u00e4\u00ader&nbsp;sym\u00adpto\u00adma\u00adtisch f\u00fcr deren Ori\u00aden\u00adtie\u00adrungs\u00adlo\u00adsig\u00adkeit zu ste\u00adhen schie\u00adnen.&nbsp;Auf ande\u00adre, vom Wes\u00adten&nbsp;aus kri\u00adtisch be\u00e4ug\u00adte EU-L\u00e4n\u00adder wie&nbsp;Rum\u00e4\u00adni\u00aden oder Ungarn ging er mil\u00adde ein \u2013&nbsp;und brach\u00adte&nbsp;Ver\u00adst\u00e4nd\u00adnis auf f\u00fcr deren von Kor\u00adrup\u00adti\u00adon (Rum\u00e4\u00adni\u00aden) und Diri\u00adgis\u00admus, von staat\u00adli\u00adcher Wirt\u00adschafts\u00adlen\u00adkung oder poli\u00adti\u00adscher Ein\u00adsch\u00fcch\u00adte\u00adrung (Ungarn)&nbsp;gepr\u00e4g\u00adte&nbsp;aktu\u00adel\u00adle Ver\u00adfas\u00adsung. Was man\u00adchen Zuh\u00f6\u00adrer ver\u00adwun\u00addert haben mag. Schwar\u00adzen\u00adberg, der nach der Matu\u00adra in Wien eben\u00addort, in&nbsp;Graz und M\u00fcn\u00adchen zun\u00e4chst Rechts\u2011, dann Forst\u00adwis\u00adsen\u00adschaf\u00adten stu\u00addier\u00adte,&nbsp;nann\u00adte es \u201enach\u00advoll\u00adzieh\u00adbar\u201c, dass die poli\u00adti\u00adsche Kul\u00adtur die\u00adser und ande\u00adrer&nbsp;L\u00e4n\u00adder, die \u00fcber vie\u00adle Deka\u00adden unter dik\u00adta\u00adto\u00adri\u00adschen, jeden\u00adfalls nicht rechts\u00adstaat\u00adli\u00adchen Bedin\u00adgun\u00adgen exis\u00adtier\u00adten, nicht innert weni\u00adger Jahr\u00adzehn\u00adte einer Meta\u00admor\u00adpho\u00adse unter\u00adzo\u00adgen wer\u00adden kann.&nbsp;Der grei\u00adse Herr riet zu Geduld.&nbsp;Und erin\u00adner\u00adte sich sei\u00adner Stu\u00addi\u00aden\u00adzeit im M\u00fcn\u00adchen der sp\u00e4\u00adten f\u00fcnf\u00adzi\u00adger Jah\u00adre, w\u00e4h\u00adrend der \u00fcber die Nazi\u00adver\u00adgan\u00adgen\u00adheit wesent\u00adli\u00adcher Poli\u00adti\u00adker, Rich\u00adter und Ver\u00adwal\u00adtungs\u00adfach\u00adleu\u00adte in Deutsch\u00adland debat\u00adtiert wur\u00adde.&nbsp;Und deren fort\u00adbe\u00adstehen\u00adden Ein\u00adfluss dort, wo sie&nbsp;noch immer ein\u00adge\u00adsetzt waren.&nbsp;\u201eDabei dau\u00ader\u00adte das \u201aDrit\u00adte Reich\u2018 nur zw\u00f6lf Jah\u00adre\u201c, gab er zu beden\u00adken, \u201enicht mehr als 70 wie der Kom\u00admu\u00adnis\u00admus in Russ\u00adland.\u201c&nbsp;Schwar\u00adzen\u00adberg schloss mit einem Appell an die Euro\u00adp\u00e4\u00ader, also auch die Sach\u00adsen und Dres\u00adde\u00adner, von denen er wei\u00df: Sie teil\u00adten das tsche\u00adchi\u00adsche Schick\u00adsal der kom\u00admu\u00adnis\u00adti\u00adschen Unter\u00addr\u00fc\u00adckung \u2013 und las\u00adsen sich den\u00adnoch mit\u00adun\u00adter&nbsp;zu Zynis\u00admus \u00fcber die aktu\u00adel\u00adle Lage ver\u00adlei\u00adten: \u201e\u00dcber\u00adlas\u00adsen Sie&nbsp;Euro\u00adpa nicht den Poli\u00adti\u00adkern, gehen Sie selbst ans Werk!\u201c Sag\u00adte der Poli\u00adti\u00adker. Der\u00adart Selbst\u00adiro\u00adni\u00adsches \u2013 in vol\u00adlem Bewusst\u00adsein um den Ernst der Lage \u2013 h\u00f6rt man hier\u00adzu\u00adlan\u00adde sel\u00adten von Ver\u00adtre\u00adtern sei\u00adner Zunft. Wer sich an die\u00adser Stel\u00adle Kon\u00adkre\u00adte\u00adres dazu&nbsp;gew\u00fcnscht h\u00e4t\u00adte, wie Euro\u00adpa vor\u00adan\u00adzu\u00adbrin\u00adgen w\u00e4re, wur\u00adde zwar ent\u00adt\u00e4uscht. Ein Blick auf das bis\u00adhe\u00adri\u00adge <a title=\"Karel Schwarzenberg\" href=\"http:\/\/de.wikipedia.org\/wiki\/Karel_Schwarzenberg\" target=\"_blank\" rel=\"noopener noreferrer\">Leben<\/a> Schwar\u00adzen\u00adbergs mag jedoch Inspi\u00adra\u00adti\u00adons\u00adquel\u00adle genug&nbsp;sein.<\/p>\n<span id=\"post-ratings-950\" class=\"post-ratings\" data-nonce=\"49653ebc62\"><span class=\"hreview-aggregate\">\n  <span class=\"item\">\n    <span class=\"fn\">Dres\u00adden, 17. M\u00e4rz&nbsp;2014<\/span>: <img decoding=\"async\" id=\"rating_950_1\" src=\"https:\/\/michael-kunze.net\/wp-content\/plugins\/wp-postratings\/images\/stars\/rating_on.gif\" alt=\"1 Star\" title=\"1 Star\" onmouseover=\"current_rating(950, 1, '1 Star');\" onmouseout=\"ratings_off(5, 0, 0);\" onclick=\"rate_post();\" onkeypress=\"rate_post();\" style=\"cursor: pointer; border: 0px;\"><img decoding=\"async\" id=\"rating_950_2\" src=\"https:\/\/michael-kunze.net\/wp-content\/plugins\/wp-postratings\/images\/stars\/rating_on.gif\" alt=\"2 Stars\" title=\"2 Stars\" onmouseover=\"current_rating(950, 2, '2 Stars');\" onmouseout=\"ratings_off(5, 0, 0);\" onclick=\"rate_post();\" onkeypress=\"rate_post();\" style=\"cursor: pointer; border: 0px;\"><img decoding=\"async\" id=\"rating_950_3\" src=\"https:\/\/michael-kunze.net\/wp-content\/plugins\/wp-postratings\/images\/stars\/rating_on.gif\" alt=\"3 Stars\" title=\"3 Stars\" onmouseover=\"current_rating(950, 3, '3 Stars');\" onmouseout=\"ratings_off(5, 0, 0);\" onclick=\"rate_post();\" onkeypress=\"rate_post();\" style=\"cursor: pointer; border: 0px;\"><img decoding=\"async\" id=\"rating_950_4\" src=\"https:\/\/michael-kunze.net\/wp-content\/plugins\/wp-postratings\/images\/stars\/rating_on.gif\" alt=\"4 Stars\" title=\"4 Stars\" onmouseover=\"current_rating(950, 4, '4 Stars');\" onmouseout=\"ratings_off(5, 0, 0);\" onclick=\"rate_post();\" onkeypress=\"rate_post();\" style=\"cursor: pointer; border: 0px;\"><img decoding=\"async\" id=\"rating_950_5\" src=\"https:\/\/michael-kunze.net\/wp-content\/plugins\/wp-postratings\/images\/stars\/rating_on.gif\" alt=\"5 Stars\" title=\"5 Stars\" onmouseover=\"current_rating(950, 5, '5 Stars');\" onmouseout=\"ratings_off(5, 0, 0);\" onclick=\"rate_post();\" onkeypress=\"rate_post();\" style=\"cursor: pointer; border: 0px;\"><br>\n  <\/span>\n  <span class=\"rating\">\n    <span class=\"average\"><b>5,00<\/b><\/span>\n    von\n    <span class=\"best\">5<\/span>\n    Punk\u00adten, basie\u00adrend auf\n    <span class=\"votes\">5<\/span>\n    abge\u00adge\u00adbe\u00adnen Stimmen.&nbsp;<\/span>\n<\/span><\/span><span id=\"post-ratings-950-loading\" class=\"post-ratings-loading\"><img loading=\"lazy\" decoding=\"async\" src=\"https:\/\/michael-kunze.net\/wp-content\/plugins\/wp-postratings\/images\/loading.gif\" width=\"16\" height=\"16\" class=\"post-ratings-image\">Loa\u00adding\u2026<\/span>\n\n<div class=\"jwsharethis\">\nShare&nbsp;this:&nbsp;<br>\n<a href=\"mailto:?subject=Dresden%2C%2017.%20M%C3%A4rz%26nbsp%3B2014&amp;body=https%3A%2F%2Fmichael-kunze.net%2Fcategory%2Fartikel%2F2014%2F03%2F17%2Fdresden-17-marz-2014%2F\">\n<img decoding=\"async\" src=\"https:\/\/michael-kunze.net\/wp-content\/plugins\/jw-share-this\/email.png\" alt=\"Share this page via Email\">\n<\/a>\n<a target=\"_blank\" href=\"http:\/\/www.facebook.com\/sharer.php?u=https%3A%2F%2Fmichael-kunze.net%2Fcategory%2Fartikel%2F2014%2F03%2F17%2Fdresden-17-marz-2014%2F&amp;t=Dresden%2C+17.+M%C3%A4rz%26nbsp%3B2014\">\n<img decoding=\"async\" src=\"https:\/\/michael-kunze.net\/wp-content\/plugins\/jw-share-this\/fb.png\" alt=\"Share this page via Facebook\">\n<\/a>\n<a target=\"_blank\" href=\"http:\/\/twitter.com\/intent\/tweet?text=I+like+https%3A%2F%2Fmichael-kunze.net%2Fcategory%2Fartikel%2F2014%2F03%2F17%2Fdresden-17-marz-2014%2F&amp;title=Dresden%2C+17.+M%C3%A4rz%26nbsp%3B2014\">\n<img decoding=\"async\" src=\"https:\/\/michael-kunze.net\/wp-content\/plugins\/jw-share-this\/twitter.png\" alt=\"Share this page via Twitter\">\n<\/a>\n<\/div>\n","protected":false},"excerpt":{"rendered":"<p>\u201eWas ist, wenn Euro\u00adpa f\u00e4llt? Was gin\u00adge dann \u2013 in speng\u00adler\u00adscher Dik\u00adti\u00adon \u2013 (noch) unter?\u201c So frag\u00adte Karl zu Schwar\u00adzen\u00adberg, Tsche\u00adchi\u00adens fr\u00fc\u00adhe\u00adrer Au\u00dfen\u00admi\u00adnis\u00adter, nicht. Er dia\u00adgnos\u00adti\u00adzier\u00adte viel\u00admehr: \u201eEuro\u00adpa ist in Gefahr.\u201c W\u00e4h\u00adrend die Mehr\u00adheit des Publi\u00adkums \u2013 um die 350 G\u00e4s\u00adte waren der Ein\u00adla\u00addung der Kon\u00ad\u00adrad-Ade\u00adn\u00adau\u00ader-Stif\u00ad\u00adtung in die Drei\u00adk\u00f6\u00adnigs\u00adkir\u00adche gefolgt \u2013 dabei an die der\u00adzei\u00adti\u00adge\u2026 <a class=\"more-link\" href=\"https:\/\/michael-kunze.net\/category\/artikel\/2014\/03\/17\/dresden-17-marz-2014\/\"><span class=\"screen-reader-text\">Dres\u00adden, 17. M\u00e4rz&nbsp;2014<\/span> wei\u00adter\u00adle\u00adsen <span class=\"meta-nav\" aria-hidden=\"true\">\u2192<\/span><\/a><\/p>\n","protected":false},"author":1,"featured_media":0,"comment_status":"open","ping_status":"open","sticky":false,"template":"","format":"standard","meta":{"wp_typography_post_enhancements_disabled":false,"footnotes":""},"categories":[20],"tags":[50,77,78,81,79,80],"class_list":["post-950","post","type-post","status-publish","format-standard","hentry","category-notizbuch","tag-demokratie","tag-europa","tag-europaische-union","tag-karel-schwarzenberg","tag-russland","tag-tschechien"],"_links":{"self":[{"href":"https:\/\/michael-kunze.net\/category\/artikel\/wp-json\/wp\/v2\/posts\/950","targetHints":{"allow":["GET"]}}],"collection":[{"href":"https:\/\/michael-kunze.net\/category\/artikel\/wp-json\/wp\/v2\/posts"}],"about":[{"href":"https:\/\/michael-kunze.net\/category\/artikel\/wp-json\/wp\/v2\/types\/post"}],"author":[{"embeddable":true,"href":"https:\/\/michael-kunze.net\/category\/artikel\/wp-json\/wp\/v2\/users\/1"}],"replies":[{"embeddable":true,"href":"https:\/\/michael-kunze.net\/category\/artikel\/wp-json\/wp\/v2\/comments?post=950"}],"version-history":[{"count":61,"href":"https:\/\/michael-kunze.net\/category\/artikel\/wp-json\/wp\/v2\/posts\/950\/revisions"}],"predecessor-version":[{"id":3792,"href":"https:\/\/michael-kunze.net\/category\/artikel\/wp-json\/wp\/v2\/posts\/950\/revisions\/3792"}],"wp:attachment":[{"href":"https:\/\/michael-kunze.net\/category\/artikel\/wp-json\/wp\/v2\/media?parent=950"}],"wp:term":[{"taxonomy":"category","embeddable":true,"href":"https:\/\/michael-kunze.net\/category\/artikel\/wp-json\/wp\/v2\/categories?post=950"},{"taxonomy":"post_tag","embeddable":true,"href":"https:\/\/michael-kunze.net\/category\/artikel\/wp-json\/wp\/v2\/tags?post=950"}],"curies":[{"name":"wp","href":"https:\/\/api.w.org\/{rel}","templated":true}]}}